{"id":30899,"date":"2018-09-24T14:22:58","date_gmt":"2018-09-24T12:22:58","guid":{"rendered":"http:\/\/www.invarena.cz\/?p=30899"},"modified":"2018-09-24T14:22:58","modified_gmt":"2018-09-24T12:22:58","slug":"prazsky-ocni-festival-do-hlavniho-mesta-miri-stovky-odborniku","status":"publish","type":"post","link":"https:\/\/www.invarena.cz\/?p=30899","title":{"rendered":"Pra\u017esk\u00fd o\u010dn\u00ed festival: do hlavn\u00edho m\u011bsta m\u00ed\u0159\u00ed stovky odborn\u00edk\u016f"},"content":{"rendered":"<p><strong>\u0160est\u00fd ro\u010dn\u00edk Pra\u017esk\u00e9ho o\u010dn\u00edho festivalu prob\u011bhne 5. \u0159\u00edjna v Pal\u00e1ci \u017dof\u00edn. Festivalu se ka\u017edoro\u010dn\u011b \u00fa\u010dastn\u00ed p\u0159es 300 l\u00e9ka\u0159\u016f a sester.<\/strong><br \/>\n<!--more--><br \/>\nV r\u00e1mci \u0161est\u00e9ho ro\u010dn\u00edku festivalu se p\u0159edstav\u00ed celkem 15 p\u0159edn\u00e1\u0161ej\u00edc\u00edch, \u0159ada z nich doraz\u00ed ze zahrani\u010d\u00ed. \u201eJedn\u00edm z odborn\u00edk\u016f bude sv\u011btov\u011b uzn\u00e1van\u00fd o\u010dn\u00ed chirurg a b\u00fdval\u00fd prezident Evropsk\u00e9 spole\u010dnosti pro kataraktovou a refrak\u010dn\u00ed chirurgii Roberto Bellucci. Ten bude prezentovat dv\u011b p\u0159edn\u00e1\u0161ky a z\u00fa\u010dastn\u00ed se internetov\u00e9 diskuze s odborn\u00edky z cel\u00e9ho sv\u011bta na t\u00e9ma Inovace v chirurgii keratokonu. D\u00e1le mu v r\u00e1mci festivalu bude p\u0159ed\u00e1na cena za celo\u017eivotn\u00ed p\u0159\u00ednos o\u010dn\u00edmu l\u00e9ka\u0159stv\u00ed. Druh\u00fdm zvu\u010dn\u00fdm jm\u00e9nem je Giorgio De Santi, o\u010dn\u00ed l\u00e9ka\u0159, kter\u00fd p\u0159i l\u00e9\u010db\u011b zraku vyu\u017e\u00edv\u00e1 i \u00fa\u010dinky homeopatie. Oba l\u00e9ka\u0159i doraz\u00ed do Prahy z It\u00e1lie,\u201c \u0159ekl Pavel Stod\u016flka, p\u0159ednosta s\u00edt\u011b o\u010dn\u00edch klinik Gemini, kter\u00e1 festival ka\u017edoro\u010dn\u011b po\u0159\u00e1d\u00e1.<\/p>\n<p>Pra\u017esk\u00fd o\u010dn\u00ed festival p\u0159itahuje pozornost odborn\u00e9 ve\u0159ejnosti nejen d\u00edky vysok\u00e9 informativn\u00ed hodnot\u011b a kvalit\u011b p\u0159edn\u00e1\u0161en\u00fdch p\u0159\u00edsp\u011bvk\u016f, ale tak\u00e9 jejich technick\u00fdm zpracov\u00e1n\u00edm. \u201eStejn\u011b jako ro\u010dn\u00edky p\u0159ede\u0161l\u00e9 p\u0159edstav\u00ed i leto\u0161n\u00ed ro\u010dn\u00edk festivalu p\u0159ehl\u00eddku kazuistik z b\u011b\u017en\u00e9 praxe. Ka\u017ed\u00e1 z kazuistik je obohacena o ot\u00e1zky pro publikum, kter\u00e9 s p\u0159edn\u00e1\u0161ej\u00edc\u00edm aktivn\u011b komunikuje pomoc\u00ed hlasovac\u00edho za\u0159\u00edzen\u00ed. T\u00edm se zvy\u0161uje eduka\u010dn\u00ed charakter cel\u00e9 akce. L\u00e1kadlem pro \u00fa\u010dastn\u00edky letos nen\u00ed pouze velmi kvalitn\u00ed program, sestaven\u00fd ze zaj\u00edmav\u00fdch odborn\u00fdch p\u0159edn\u00e1\u0161ek, ale tak\u00e9 kulturn\u00ed program, v r\u00e1mci kter\u00e9ho letos mimo jin\u00e9 vystoup\u00ed zp\u011bva\u010dka Lucie B\u00edl\u00e1,\u201c p\u0159ibl\u00ed\u017eil program Ond\u0159ej Wilczynski, \u010dlen organiza\u010dn\u00edho v\u00fdboru Pra\u017esk\u00e9ho o\u010dn\u00edho festivalu.<\/p>\n<p>Tiskov\u00e1 zpr\u00e1va<\/p>\n","protected":false},"excerpt":{"rendered":"<div class=\"mh-excerpt\"><p>\u0160est\u00fd ro\u010dn\u00edk Pra\u017esk\u00e9ho o\u010dn\u00edho festivalu prob\u011bhne 5. \u0159\u00edjna v Pal\u00e1ci \u017dof\u00edn. Festivalu se ka\u017edoro\u010dn\u011b \u00fa\u010dastn\u00ed p\u0159es 300 l\u00e9ka\u0159\u016f a sester.<\/p>\n<\/div>","protected":false},"author":1,"featured_media":0,"comment_status":"open","ping_status":"closed","sticky":false,"template":"","format":"standard","meta":{"footnotes":""},"categories":[11],"tags":[],"class_list":["post-30899","post","type-post","status-publish","format-standard","hentry","category-zdravi"],"_links":{"self":[{"href":"https:\/\/www.invarena.cz\/index.php?rest_route=\/wp\/v2\/posts\/30899","targetHints":{"allow":["GET"]}}],"collection":[{"href":"https:\/\/www.invarena.cz\/index.php?rest_route=\/wp\/v2\/posts"}],"about":[{"href":"https:\/\/www.invarena.cz\/index.php?rest_route=\/wp\/v2\/types\/post"}],"author":[{"embeddable":true,"href":"https:\/\/www.invarena.cz\/index.php?rest_route=\/wp\/v2\/users\/1"}],"replies":[{"embeddable":true,"href":"https:\/\/www.invarena.cz\/index.php?rest_route=%2Fwp%2Fv2%2Fcomments&post=30899"}],"version-history":[{"count":0,"href":"https:\/\/www.invarena.cz\/index.php?rest_route=\/wp\/v2\/posts\/30899\/revisions"}],"wp:attachment":[{"href":"https:\/\/www.invarena.cz\/index.php?rest_route=%2Fwp%2Fv2%2Fmedia&parent=30899"}],"wp:term":[{"taxonomy":"category","embeddable":true,"href":"https:\/\/www.invarena.cz\/index.php?rest_route=%2Fwp%2Fv2%2Fcategories&post=30899"},{"taxonomy":"post_tag","embeddable":true,"href":"https:\/\/www.invarena.cz\/index.php?rest_route=%2Fwp%2Fv2%2Ftags&post=30899"}],"curies":[{"name":"wp","href":"https:\/\/api.w.org\/{rel}","templated":true}]}}