{"id":30915,"date":"2018-09-25T13:48:18","date_gmt":"2018-09-25T11:48:18","guid":{"rendered":"http:\/\/www.invarena.cz\/?p=30915"},"modified":"2018-09-25T13:48:18","modified_gmt":"2018-09-25T11:48:18","slug":"pomoc-potrebnym-je-naplni-socialnich-sluzeb-karvina","status":"publish","type":"post","link":"https:\/\/www.invarena.cz\/?p=30915","title":{"rendered":"Pomoc pot\u0159ebn\u00fdm je n\u00e1pln\u00ed Soci\u00e1ln\u00edch slu\u017eeb Karvin\u00e1"},"content":{"rendered":"<p><strong>Pomoc a podporu pot\u0159ebn\u00fdm a lidem v nouzi poskytuj\u00ed Soci\u00e1ln\u00ed slu\u017eby Karvin\u00e1.<\/strong> <!--more--><\/p>\n<p>Podobn\u011b jako v jin\u00fdch m\u011bstech zaji\u0161\u0165uj\u00ed v Karvin\u00e9 tuto \u010dinnost nebo soubor \u010dinnost\u00ed Soci\u00e1ln\u00ed slu\u017eby Karvin\u00e1, p\u0159\u00edsp\u011bvkov\u00e1 organizace statut\u00e1rn\u00edho m\u011bsta Karvin\u00e9, kter\u00e1 byla zalo\u017eena k 1. lednu 2003 jako samostatn\u00fd pr\u00e1vn\u00ed subjekt. Jej\u00edm posl\u00e1n\u00edm je poskytovat soci\u00e1ln\u00ed slu\u017eby podle z\u00e1kona \u010d. 108\/2006 Sb. O soci\u00e1ln\u00edch slu\u017eb\u00e1ch v\u010detn\u011b fakultativn\u00edch slu\u017eeb a poskytov\u00e1n\u00ed denn\u00ed p\u00e9\u010de o d\u011bti do 3 let.<\/p>\n<p>Od sv\u00e9ho zalo\u017een\u00ed zaznamenaly soci\u00e1ln\u00ed slu\u017eby velk\u00fd rozvoj a dnes maj\u00ed 108 zam\u011bstnanc\u016f.<\/p>\n<p>S\u00eddlo organizace je v Sokolovsk\u00e9 ulici 1671\/36 v Karvin\u00e9-Nov\u00e9m M\u011bst\u011b.<\/p>\n<p>V SOU\u010cASN\u00c9 DOB\u011a JSOU ZAJI\u0160\u0164OV\u00c1NY TYTO SLU\u017dBY:<\/p>\n<p>1. Asisten\u010dn\u00ed slu\u017eba. Jej\u00edm c\u00edlem je pomoci udr\u017eet a zlep\u0161it kvalitu \u017eivota, podporovat sob\u011bsta\u010dnost, a to prost\u0159ednictv\u00edm p\u0159im\u011b\u0159en\u00e9 m\u00edry asistence. Slu\u017eba je poskytov\u00e1na 24 hodin denn\u011b v p\u0159irozen\u00e9m prost\u0159ed\u00ed u\u017eivatel\u016f. C\u00edlovou skupinou jsou osoby se sn\u00ed\u017eenou sob\u011bsta\u010dnost\u00ed z d\u016fvodu v\u011bku nebo zdravotn\u00edho posti\u017een\u00ed a rodiny s d\u011btmi, jejich\u017e situace vy\u017eaduje pomoc jin\u00e9 fyzick\u00e9 osoby. Slu\u017eba je poskytov\u00e1na za \u00fahradu a je zaji\u0161\u0165ov\u00e1na \u0161esti asistentkami.<\/p>\n<p>2. Pe\u010dovatelsk\u00e1 slu\u017eba je ur\u010dena lidem, jejich\u017e schopnosti jsou sn\u00ed\u017eeny zejm\u00e9na v oblasti osobn\u00ed p\u00e9\u010de a p\u00e9\u010de o dom\u00e1cnost. Zahrnuje pomoc:<br \/>\n&#8211; p\u0159i zvl\u00e1d\u00e1n\u00ed b\u011b\u017en\u00fdch \u00fakon\u016f &#8211; p\u0159i osobn\u00ed hygien\u011b &#8211; poskytnut\u00ed stravy &#8211; p\u0159i zaji\u0161t\u011bn\u00ed chodu dom\u00e1cnosti &#8211; p\u0159i zprost\u0159edkov\u00e1n\u00ed kontaktu se spole\u010densk\u00fdm prost\u0159ed\u00edm<br \/>\n&#8211; zaji\u0161t\u011bn\u00ed dovozu a don\u00e1\u0161ky ob\u011bd\u016f<\/p>\n<p>V sou\u010dasn\u00e9 dob\u011b vyu\u017e\u00edv\u00e1 slu\u017ebu 600 ob\u010dan\u016f. Slu\u017eba je poskytov\u00e1na za \u00fahradu a je \u010dasov\u011b omezen\u00e1. Slu\u017ebu zaji\u0161\u0165uje 14 pe\u010dovatelek.<\/p>\n<p>Asisten\u010dn\u00ed a pe\u010dovatelsk\u00e9 slu\u017eby jsou ter\u00e9nn\u00edmi slu\u017ebami, zam\u011bstnanci poskytuj\u00ed slu\u017eby v p\u0159irozen\u00e9m prost\u0159ed\u00ed, tj. v jak\u00e9mkoliv bydlen\u00ed (vlastn\u00ed d\u016fm, byt, podn\u00e1jem\u2026).<\/p>\n<p>3. Denn\u00ed centrum slu\u017eeb je ambulantn\u00ed slu\u017eba poskytovan\u00e1 od pond\u011bl\u00ed do p\u00e1tku od 6 do 16 hodin ve st\u0159edisku Slu\u017eeb. Je ur\u010dena osob\u00e1m se sn\u00ed\u017eenou sob\u011bsta\u010dnost\u00ed z d\u016fvodu v\u011bku, chronick\u00e9ho nebo zdravotn\u00edho posti\u017een\u00ed.<\/p>\n<p>4. Odleh\u010dovac\u00ed slu\u017eba slou\u017e\u00ed k zaji\u0161t\u011bn\u00ed nezbytn\u00e9ho odpo\u010dinku a \u00falev\u011b pe\u010duj\u00edc\u00edm, kte\u0159\u00ed pe\u010duj\u00ed o osoby se sn\u00ed\u017eenou sob\u011bsta\u010dnost\u00ed z d\u016fvodu vlastn\u00edho onemocn\u011bn\u00ed, dovolen\u00e9 atd. Slu\u017eba nab\u00edz\u00ed ubytov\u00e1n\u00ed, stravu, aktiva\u010dn\u00ed \u010dinnost a pomoc p\u0159i zvl\u00e1d\u00e1n\u00ed p\u00e9\u010de o vlastn\u00ed osobu a\u017e po dobu t\u0159\u00ed m\u011bs\u00edc\u016f v pr\u016fb\u011bhu jednoho roku. Denn\u00ed kapacita jsou \u010dty\u0159i u\u017eivatel\u00e9 se sn\u00ed\u017eenou sob\u011bsta\u010dnost\u00ed.<\/p>\n<p>5. Denn\u00ed stacion\u00e1\u0159 je ur\u010den lidem s ment\u00e1ln\u00edm a kombinovan\u00fdm posti\u017een\u00edm s ur\u010ditou m\u00edrou z\u00e1vislosti nebo lidem, kte\u0159\u00ed jsou zcela odk\u00e1z\u00e1n\u00ed na pomoc jin\u00e9 osoby. Kapacita za\u0159\u00edzen\u00ed je 25 osob.<\/p>\n<p>6. Chr\u00e1n\u011bn\u00e9 bydlen\u00ed je ur\u010deno osob\u00e1m s ment\u00e1ln\u00edm posti\u017een\u00edm star\u0161\u00edch 18 let. Slu\u017eba m\u00e1 znaky bydlen\u00ed a je ur\u010dena pro 2 osoby.<\/p>\n<p>7. Odborn\u00e9 soci\u00e1ln\u00ed poradenstv\u00ed usiluje o to, aby ob\u010dan\u00e9 m\u011bli p\u0159\u00edstup k informac\u00edm o slu\u017eb\u00e1ch dostupn\u00fdch ve m\u011bst\u011b Karvin\u00e9, znali sv\u00e1 pr\u00e1va a povinnosti.<\/p>\n<p>8. Ter\u00e9nn\u00ed programy. C\u00edlem slu\u017eby je p\u0159edej\u00edt soci\u00e1ln\u00edmu vylou\u010den\u00ed a minimalizovat n\u00e1sledky soci\u00e1ln\u00edho vylou\u010den\u00ed, p\u0159ev\u00e1\u017en\u011b v oblasti p\u0159edlu\u017een\u00ed, nezam\u011bstnanosti a ztr\u00e1t\u011b bydlen\u00ed.<\/p>\n<p>9. Azylov\u00fd d\u016fm pro rodiny s d\u011btmi je ur\u010den pro pomoc rodin\u00e1m s d\u011btmi, kter\u00e9 se ocitly v t\u00ed\u017eiv\u00e9 soci\u00e1ln\u00ed situaci spojen\u00e9 se ztr\u00e1tou bydlen\u00ed, kterou nejsou schopni sami \u0159e\u0161it. Celkov\u00e1 kapacita Azylov\u00e9ho domu je 55 m\u00edst.<\/p>\n<p>Sou\u010d\u00e1st\u00ed SSK je za\u0159\u00edzen\u00ed denn\u00ed p\u00e9\u010de o d\u011bti do 3 let \u2013 jesle, a to od 6 m\u011bs\u00edc\u016f do t\u0159\u00ed let. Jsou jedin\u00fdm za\u0159\u00edzen\u00edm tohoto druhu ve m\u011bst\u011b a jeho okol\u00ed.<\/p>\n<p>Aby lid\u00e9 se zdravotn\u00edm posti\u017een\u00edm p\u0159ekonali sv\u016fj handicap, nab\u00edz\u00ed SSK zap\u016fj\u010den\u00ed kompenza\u010dn\u00edch pom\u016fcek. Ty se zap\u016fj\u010duj\u00ed na p\u0159echodn\u00e9 obdob\u00ed, kdy se p\u0159edpokl\u00e1d\u00e1 zlep\u0161en\u00ed zdravotn\u00edho stavu.<\/p>\n<p>\u0160IROK\u00dd AUTOPARK<\/p>\n<p>Aby bylo mo\u017en\u00e9 poskytovat soci\u00e1ln\u00ed slu\u017eby na \u00fazem\u00ed m\u011bsta Karvin\u00e9, je pot\u0159eba stabiln\u00ed a siln\u00e9 technicko-provozn\u00ed z\u00e1zem\u00ed. Jednou z d\u016fle\u017eit\u00fdch sou\u010d\u00e1st\u00ed organizace je vozov\u00fd park.<\/p>\n<p>Automobily SSK p\u0159ev\u00e1\u017eej\u00ed asistentky a pe\u010dovatelky ke klient\u016fm do jejich domov\u016f, kde jsou prov\u00e1d\u011bny \u00fakony soci\u00e1ln\u00ed p\u00e9\u010de. Vozidla jsou vyu\u017e\u00edv\u00e1na rovn\u011b\u017e pro dovoz ob\u011bd\u016f a p\u0159evozu klient\u016f do st\u0159edisek SSK nebo k l\u00e9ka\u0159i.<\/p>\n<p>Ob\u010dan\u00e9 \u017eij\u00edc\u00ed v Karvin\u00e9 mohou vyu\u017e\u00edvat \u0161irokou \u0161k\u00e1lu soci\u00e1ln\u00edch slu\u017eeb a sv\u00fdm rozsahem pat\u0159\u00ed Karvin\u00e1 mezi m\u011bsta s nejv\u011bt\u0161\u00edm po\u010dtem t\u011bchto slu\u017eeb.<\/p>\n<p>Do budoucna je v\u0161ak vzhledem k zvy\u0161uj\u00edc\u00edmu se po\u010dtu st\u00e1rnouc\u00ed populace nutno po\u010d\u00edtat s rozvojem ter\u00e9nn\u00edch a ambulantn\u00edch slu\u017eeb tak, aby mohli senio\u0159i z\u016fstat co nejd\u00e9le ve sv\u00e9m p\u0159irozen\u00e9m prost\u0159ed\u00ed.<\/p>\n<p>Brunt\u00e1lsk\u00fd a Krnovsk\u00fd den\u00edk<br \/>\n<a href=\"http:\/\/www.bruntalsky.denik.cz\/\" target=\"_blank\" rel=\"noopener noreferrer\">http:\/\/www.bruntalsky.denik.cz\/<\/a><\/p>\n","protected":false},"excerpt":{"rendered":"<div class=\"mh-excerpt\"><p>Pomoc a podporu pot\u0159ebn\u00fdm a lidem v nouzi poskytuj\u00ed Soci\u00e1ln\u00ed slu\u017eby Karvin\u00e1.<\/p>\n<\/div>","protected":false},"author":1,"featured_media":0,"comment_status":"open","ping_status":"closed","sticky":false,"template":"","format":"standard","meta":{"footnotes":""},"categories":[9],"tags":[],"class_list":["post-30915","post","type-post","status-publish","format-standard","hentry","category-zpravy"],"_links":{"self":[{"href":"https:\/\/www.invarena.cz\/index.php?rest_route=\/wp\/v2\/posts\/30915","targetHints":{"allow":["GET"]}}],"collection":[{"href":"https:\/\/www.invarena.cz\/index.php?rest_route=\/wp\/v2\/posts"}],"about":[{"href":"https:\/\/www.invarena.cz\/index.php?rest_route=\/wp\/v2\/types\/post"}],"author":[{"embeddable":true,"href":"https:\/\/www.invarena.cz\/index.php?rest_route=\/wp\/v2\/users\/1"}],"replies":[{"embeddable":true,"href":"https:\/\/www.invarena.cz\/index.php?rest_route=%2Fwp%2Fv2%2Fcomments&post=30915"}],"version-history":[{"count":0,"href":"https:\/\/www.invarena.cz\/index.php?rest_route=\/wp\/v2\/posts\/30915\/revisions"}],"wp:attachment":[{"href":"https:\/\/www.invarena.cz\/index.php?rest_route=%2Fwp%2Fv2%2Fmedia&parent=30915"}],"wp:term":[{"taxonomy":"category","embeddable":true,"href":"https:\/\/www.invarena.cz\/index.php?rest_route=%2Fwp%2Fv2%2Fcategories&post=30915"},{"taxonomy":"post_tag","embeddable":true,"href":"https:\/\/www.invarena.cz\/index.php?rest_route=%2Fwp%2Fv2%2Ftags&post=30915"}],"curies":[{"name":"wp","href":"https:\/\/api.w.org\/{rel}","templated":true}]}}