{"id":30916,"date":"2018-09-25T13:52:20","date_gmt":"2018-09-25T11:52:20","guid":{"rendered":"http:\/\/www.invarena.cz\/?p=30916"},"modified":"2018-09-25T13:52:20","modified_gmt":"2018-09-25T11:52:20","slug":"nemocnice-na-homolce-predstavi-hyperbarickou-komoru","status":"publish","type":"post","link":"https:\/\/www.invarena.cz\/?p=30916","title":{"rendered":"Nemocnice Na Homolce p\u0159edstav\u00ed hyperbarickou komoru"},"content":{"rendered":"<p><strong>Ve st\u0159edu 26. 9. p\u0159edvede Nemocnice na Homolce hyperbarickou komoru, kter\u00e1 byla zmodernizov\u00e1na d\u00edky dotaci Magistr\u00e1tu hl. m\u011bsta Prahy. Akce se osobn\u011b z\u00fa\u010dastn\u00ed radn\u00ed za oblast zdravotnictv\u00ed a bydlen\u00ed Radek Lacko a z\u00e1stupci Nemocnice Na Homolce.<\/strong><!--more--><\/p>\n<p>Cel\u00fd \u010dl\u00e1nek naleznete v Parlamentn\u00edch Listech: <a href=\"https:\/\/www.parlamentnilisty.cz\/zpravy\/tiskovezpravy\/Nemocnice-Na-Homolce-predstavi-hyperbarickou-komoru-552757\" target=\"_blank\" rel=\"noopener noreferrer\">ZDE<\/a><\/p>\n","protected":false},"excerpt":{"rendered":"<div class=\"mh-excerpt\"><p>Ve st\u0159edu 26. 9. p\u0159edvede Nemocnice na Homolce hyperbarickou komoru, kter\u00e1 byla zmodernizov\u00e1na d\u00edky dotaci Magistr\u00e1tu hl. m\u011bsta Prahy. Akce se osobn\u011b z\u00fa\u010dastn\u00ed radn\u00ed za <a class=\"mh-excerpt-more\" href=\"https:\/\/www.invarena.cz\/?p=30916\" title=\"Nemocnice Na Homolce p\u0159edstav\u00ed hyperbarickou komoru\">[&#8230;]<\/a><\/p>\n<\/div>","protected":false},"author":1,"featured_media":0,"comment_status":"open","ping_status":"closed","sticky":false,"template":"","format":"standard","meta":{"footnotes":""},"categories":[9],"tags":[],"class_list":["post-30916","post","type-post","status-publish","format-standard","hentry","category-zpravy"],"_links":{"self":[{"href":"https:\/\/www.invarena.cz\/index.php?rest_route=\/wp\/v2\/posts\/30916","targetHints":{"allow":["GET"]}}],"collection":[{"href":"https:\/\/www.invarena.cz\/index.php?rest_route=\/wp\/v2\/posts"}],"about":[{"href":"https:\/\/www.invarena.cz\/index.php?rest_route=\/wp\/v2\/types\/post"}],"author":[{"embeddable":true,"href":"https:\/\/www.invarena.cz\/index.php?rest_route=\/wp\/v2\/users\/1"}],"replies":[{"embeddable":true,"href":"https:\/\/www.invarena.cz\/index.php?rest_route=%2Fwp%2Fv2%2Fcomments&post=30916"}],"version-history":[{"count":0,"href":"https:\/\/www.invarena.cz\/index.php?rest_route=\/wp\/v2\/posts\/30916\/revisions"}],"wp:attachment":[{"href":"https:\/\/www.invarena.cz\/index.php?rest_route=%2Fwp%2Fv2%2Fmedia&parent=30916"}],"wp:term":[{"taxonomy":"category","embeddable":true,"href":"https:\/\/www.invarena.cz\/index.php?rest_route=%2Fwp%2Fv2%2Fcategories&post=30916"},{"taxonomy":"post_tag","embeddable":true,"href":"https:\/\/www.invarena.cz\/index.php?rest_route=%2Fwp%2Fv2%2Ftags&post=30916"}],"curies":[{"name":"wp","href":"https:\/\/api.w.org\/{rel}","templated":true}]}}