{"id":30918,"date":"2018-09-25T13:56:11","date_gmt":"2018-09-25T11:56:11","guid":{"rendered":"http:\/\/www.invarena.cz\/?p=30918"},"modified":"2018-09-25T13:56:11","modified_gmt":"2018-09-25T11:56:11","slug":"na-charitativnim-behu-nadace-agel-pobezi-i-radek-stepanek","status":"publish","type":"post","link":"https:\/\/www.invarena.cz\/?p=30918","title":{"rendered":"Na charitativn\u00edm b\u011bhu Nadace AGEL pob\u011b\u017e\u00ed i Radek \u0160t\u011bp\u00e1nek"},"content":{"rendered":"<p><strong>Dv\u011b stovky z\u00e1vodn\u00edk\u016f se ji\u017e v t\u011bchto dnech p\u0159ipravuj\u00ed na b\u011bh po osmikilometrov\u00e9 trase mezi T\u0159incem a \u010cesk\u00fdm T\u011b\u0161\u00ednem. V ned\u011bli 7. \u0159\u00edjna zde prob\u011bhne druh\u00fd ro\u010dn\u00edk charitativn\u00edho b\u011bhu Nadace AGEL s n\u00e1zvem T\u011b\u0161\u00ednsk\u00e1 osmi\u010dka.<\/strong> <!--more--><\/p>\n<p>Cel\u00fd \u010dl\u00e1nek naleznete na novinky.cz: <a href=\"https:\/\/www.novinky.cz\/vase-zpravy\/moravskoslezsky-kraj\/karvina\/5288-52432-na-charitativnim-behu-nadace-agel-pobezi-i-radek-stepanek.html\" target=\"_blank\" rel=\"noopener noreferrer\">ZDE<\/a><\/p>\n","protected":false},"excerpt":{"rendered":"<div class=\"mh-excerpt\"><p>Dv\u011b stovky z\u00e1vodn\u00edk\u016f se ji\u017e v t\u011bchto dnech p\u0159ipravuj\u00ed na b\u011bh po osmikilometrov\u00e9 trase mezi T\u0159incem a \u010cesk\u00fdm T\u011b\u0161\u00ednem. V ned\u011bli 7. \u0159\u00edjna zde prob\u011bhne <a class=\"mh-excerpt-more\" href=\"https:\/\/www.invarena.cz\/?p=30918\" title=\"Na charitativn\u00edm b\u011bhu Nadace AGEL pob\u011b\u017e\u00ed i Radek \u0160t\u011bp\u00e1nek\">[&#8230;]<\/a><\/p>\n<\/div>","protected":false},"author":1,"featured_media":15261,"comment_status":"open","ping_status":"closed","sticky":false,"template":"","format":"standard","meta":{"footnotes":""},"categories":[9],"tags":[],"class_list":["post-30918","post","type-post","status-publish","format-standard","has-post-thumbnail","hentry","category-zpravy"],"_links":{"self":[{"href":"https:\/\/www.invarena.cz\/index.php?rest_route=\/wp\/v2\/posts\/30918","targetHints":{"allow":["GET"]}}],"collection":[{"href":"https:\/\/www.invarena.cz\/index.php?rest_route=\/wp\/v2\/posts"}],"about":[{"href":"https:\/\/www.invarena.cz\/index.php?rest_route=\/wp\/v2\/types\/post"}],"author":[{"embeddable":true,"href":"https:\/\/www.invarena.cz\/index.php?rest_route=\/wp\/v2\/users\/1"}],"replies":[{"embeddable":true,"href":"https:\/\/www.invarena.cz\/index.php?rest_route=%2Fwp%2Fv2%2Fcomments&post=30918"}],"version-history":[{"count":0,"href":"https:\/\/www.invarena.cz\/index.php?rest_route=\/wp\/v2\/posts\/30918\/revisions"}],"wp:featuredmedia":[{"embeddable":true,"href":"https:\/\/www.invarena.cz\/index.php?rest_route=\/wp\/v2\/media\/15261"}],"wp:attachment":[{"href":"https:\/\/www.invarena.cz\/index.php?rest_route=%2Fwp%2Fv2%2Fmedia&parent=30918"}],"wp:term":[{"taxonomy":"category","embeddable":true,"href":"https:\/\/www.invarena.cz\/index.php?rest_route=%2Fwp%2Fv2%2Fcategories&post=30918"},{"taxonomy":"post_tag","embeddable":true,"href":"https:\/\/www.invarena.cz\/index.php?rest_route=%2Fwp%2Fv2%2Ftags&post=30918"}],"curies":[{"name":"wp","href":"https:\/\/api.w.org\/{rel}","templated":true}]}}