{"id":30920,"date":"2018-09-26T14:42:21","date_gmt":"2018-09-26T12:42:21","guid":{"rendered":"http:\/\/www.invarena.cz\/?p=30920"},"modified":"2018-09-26T14:42:21","modified_gmt":"2018-09-26T12:42:21","slug":"pribram-seniori-letos-budou-spolecne-slavit-jiz-potreti","status":"publish","type":"post","link":"https:\/\/www.invarena.cz\/?p=30920","title":{"rendered":"P\u0159\u00edbram: Senio\u0159i letos budou spole\u010dn\u011b slavit ji\u017e pot\u0159et\u00ed"},"content":{"rendered":"<p><strong>Zp\u011bv\u00e1k Karel Kahovec a Vladim\u00edr Walda Neru\u0161il, p\u0159\u00edbramsk\u00fd Sbor p\u0159\u00e1telstv\u00ed a Ro\u017emit\u00e1lsk\u00e1 Venkovanka. Tito a mnoz\u00ed dal\u0161\u00ed vystoup\u00ed v P\u0159\u00edbrami na po\u010dest na\u0161ich star\u0161\u00edch spoluob\u010dan\u016f u p\u0159\u00edle\u017eitosti Mezin\u00e1rodn\u00edho dne senior\u016f. Z\u00e1bavn\u00e9 odpoledne s bohat\u00fdm doprovodn\u00fdm programem prob\u011bhne na p\u0159\u00edbramsk\u00e9m n\u00e1m\u011bst\u00ed 17. listopadu v sobotu 29. z\u00e1\u0159\u00ed od 14 hodin.<\/strong> <!--more--><\/p>\n<p>Cel\u00fd \u010dl\u00e1nek naleznete v Parlamentn\u00edch Listech: <a href=\"http:\/\/www.parlamentnilisty.cz\/politika\/obce-volicum\/Pribram-Seniori-letos-budou-spolecne-slavit-jiz-potreti-552867?utm_source=nm&amp;utm_medium=xml\" target=\"_blank\" rel=\"noopener noreferrer\">ZDE<\/a><\/p>\n","protected":false},"excerpt":{"rendered":"<div class=\"mh-excerpt\"><p>Zp\u011bv\u00e1k Karel Kahovec a Vladim\u00edr Walda Neru\u0161il, p\u0159\u00edbramsk\u00fd Sbor p\u0159\u00e1telstv\u00ed a Ro\u017emit\u00e1lsk\u00e1 Venkovanka. Tito a mnoz\u00ed dal\u0161\u00ed vystoup\u00ed v P\u0159\u00edbrami na po\u010dest na\u0161ich star\u0161\u00edch spoluob\u010dan\u016f <a class=\"mh-excerpt-more\" href=\"https:\/\/www.invarena.cz\/?p=30920\" title=\"P\u0159\u00edbram: Senio\u0159i letos budou spole\u010dn\u011b slavit ji\u017e pot\u0159et\u00ed\">[&#8230;]<\/a><\/p>\n<\/div>","protected":false},"author":1,"featured_media":14571,"comment_status":"open","ping_status":"closed","sticky":false,"template":"","format":"standard","meta":{"footnotes":""},"categories":[9],"tags":[],"class_list":["post-30920","post","type-post","status-publish","format-standard","has-post-thumbnail","hentry","category-zpravy"],"_links":{"self":[{"href":"https:\/\/www.invarena.cz\/index.php?rest_route=\/wp\/v2\/posts\/30920","targetHints":{"allow":["GET"]}}],"collection":[{"href":"https:\/\/www.invarena.cz\/index.php?rest_route=\/wp\/v2\/posts"}],"about":[{"href":"https:\/\/www.invarena.cz\/index.php?rest_route=\/wp\/v2\/types\/post"}],"author":[{"embeddable":true,"href":"https:\/\/www.invarena.cz\/index.php?rest_route=\/wp\/v2\/users\/1"}],"replies":[{"embeddable":true,"href":"https:\/\/www.invarena.cz\/index.php?rest_route=%2Fwp%2Fv2%2Fcomments&post=30920"}],"version-history":[{"count":0,"href":"https:\/\/www.invarena.cz\/index.php?rest_route=\/wp\/v2\/posts\/30920\/revisions"}],"wp:featuredmedia":[{"embeddable":true,"href":"https:\/\/www.invarena.cz\/index.php?rest_route=\/wp\/v2\/media\/14571"}],"wp:attachment":[{"href":"https:\/\/www.invarena.cz\/index.php?rest_route=%2Fwp%2Fv2%2Fmedia&parent=30920"}],"wp:term":[{"taxonomy":"category","embeddable":true,"href":"https:\/\/www.invarena.cz\/index.php?rest_route=%2Fwp%2Fv2%2Fcategories&post=30920"},{"taxonomy":"post_tag","embeddable":true,"href":"https:\/\/www.invarena.cz\/index.php?rest_route=%2Fwp%2Fv2%2Ftags&post=30920"}],"curies":[{"name":"wp","href":"https:\/\/api.w.org\/{rel}","templated":true}]}}