{"id":30940,"date":"2018-10-04T14:08:26","date_gmt":"2018-10-04T12:08:26","guid":{"rendered":"http:\/\/www.invarena.cz\/?p=30940"},"modified":"2018-10-04T14:08:26","modified_gmt":"2018-10-04T12:08:26","slug":"senior-roku-je-z-prachatic","status":"publish","type":"post","link":"https:\/\/www.invarena.cz\/?p=30940","title":{"rendered":"Senior roku je z Prachatic"},"content":{"rendered":"<p><strong>Cenu Senior roku ka\u017edoro\u010dn\u011b vyhla\u0161uje projekt SenSen (Senza\u010dn\u00ed senio\u0159i) Nadace Charty 77. C\u00edlem je upozornit na v\u00fdjime\u010dn\u00e9 osobnosti z \u0159ad senior\u016f, ocenit jejich aktivn\u00ed \u010dinnost, ob\u011btavost pro druh\u00e9 i pr\u00e1ci v komunitn\u00ed oblasti. V \u0161est\u00e9m ro\u010dn\u00edku Ceny Senior roku se se\u0161lo celkem 73 nominac\u00ed.<\/strong> <!--more--><\/p>\n<p>Prachatice &#8211; Leto\u0161n\u00ed cenu Senior roku z\u00edskal Miroslav Bojanovsk\u00fd z Prachatic. &#8222;M\u016fj strom \u017eivota m\u00e1 pevn\u00e9 z\u00e1klady a st\u00e1le roste, kmen se zpev\u0148uje, v\u011btve roz\u0161i\u0159uj\u00ed, tak jako m\u00e1 rodina. Kdy\u017e se o stromy dob\u0159e star\u00e1me, tak kvetou, rostou, zelen\u00ed se a nelen\u00ed,&#8220; komentuje sv\u00e9 v\u00edt\u011bzstv\u00ed Miroslav Bojanovsk\u00fd.<\/p>\n<p>Miroslav Bojanovsk\u00fd v sou\u010dasn\u00e9 dob\u011b je ji\u017e ve starobn\u00edm d\u016fchodu, po absolvov\u00e1n\u00ed agronomick\u00e9 fakulty Vysok\u00e9 \u0161koly zem\u011bd\u011blsk\u00e9 v Brn\u011b pracoval v STS Prachatice, pot\u00e9 se stal nejprve radn\u00edm a starostou m\u011bsta Prachatice (1992 \u2013 1999). V d\u016fchodu pracuje d\u00e1l pro m\u011bsto, seniory ve m\u011bst\u011b v r\u016fzn\u00fdch komis\u00edch, tedy komisi soci\u00e1ln\u00ed a prevence kriminality a kulturn\u00ed komisi. Nav\u0161t\u011bvuje a aktivn\u011b se zapojuje v Poradn\u00edm sboru zdravotn\u011b posti\u017een\u00fdch a senior\u016f a nav\u00edc je p\u0159edsedou Rady senior\u016f, vzorn\u011b reprezentuje, pracuje, pod\u00edl\u00ed se na zm\u011bn\u00e1ch. Jeho kon\u00ed\u010dkem a z\u00e1jmem vedle v\u011bc\u00ed ve\u0159ejn\u00fdch je zahradni\u010den\u00ed, sada\u0159stv\u00ed, neodm\u00edtne \u017e\u00e1dnou pomoc druh\u00fdm, je dobrovoln\u00edkem v ka\u017ed\u00e9m v\u011bku, zapojuje se do ve\u0159ejn\u00fdch sb\u00edrek. Dlouhodob\u011b se pohybuje na poli seniorsk\u00fdch organizac\u00ed. Byl ocen\u011bn Dobrovoln\u00edkem roku, ale tak\u00e9 v roce 2012 z\u00edskal Cenu m\u011bsta.<\/p>\n<p>&#8222;Mysl\u00edm, jsem p\u0159esv\u011bd\u010dena, \u017ee pan Bojanovsk\u00fd je vzorem pro ostatn\u00ed tak\u00e9 ve sv\u00e9m vystupov\u00e1n\u00ed, chov\u00e1n\u00ed,&#8220; \u0159\u00edk\u00e1 Hanka Rabenhauptov\u00e1 a p\u0159ipojuje blahop\u0159\u00e1n\u00ed.<\/p>\n<p>Prachatick\u00fd den\u00edk<br \/>\n<a href=\"http:\/\/prachaticky.denik.cz\/\" target=\"_blank\" rel=\"noopener noreferrer\">http:\/\/prachaticky.denik.cz\/<\/a><\/p>\n","protected":false},"excerpt":{"rendered":"<div class=\"mh-excerpt\"><p>Cenu Senior roku ka\u017edoro\u010dn\u011b vyhla\u0161uje projekt SenSen (Senza\u010dn\u00ed senio\u0159i) Nadace Charty 77. C\u00edlem je upozornit na v\u00fdjime\u010dn\u00e9 osobnosti z \u0159ad senior\u016f, ocenit jejich aktivn\u00ed \u010dinnost, <a class=\"mh-excerpt-more\" href=\"https:\/\/www.invarena.cz\/?p=30940\" title=\"Senior roku je z Prachatic\">[&#8230;]<\/a><\/p>\n<\/div>","protected":false},"author":1,"featured_media":0,"comment_status":"open","ping_status":"closed","sticky":false,"template":"","format":"standard","meta":{"footnotes":""},"categories":[9],"tags":[],"class_list":["post-30940","post","type-post","status-publish","format-standard","hentry","category-zpravy"],"_links":{"self":[{"href":"https:\/\/www.invarena.cz\/index.php?rest_route=\/wp\/v2\/posts\/30940","targetHints":{"allow":["GET"]}}],"collection":[{"href":"https:\/\/www.invarena.cz\/index.php?rest_route=\/wp\/v2\/posts"}],"about":[{"href":"https:\/\/www.invarena.cz\/index.php?rest_route=\/wp\/v2\/types\/post"}],"author":[{"embeddable":true,"href":"https:\/\/www.invarena.cz\/index.php?rest_route=\/wp\/v2\/users\/1"}],"replies":[{"embeddable":true,"href":"https:\/\/www.invarena.cz\/index.php?rest_route=%2Fwp%2Fv2%2Fcomments&post=30940"}],"version-history":[{"count":0,"href":"https:\/\/www.invarena.cz\/index.php?rest_route=\/wp\/v2\/posts\/30940\/revisions"}],"wp:attachment":[{"href":"https:\/\/www.invarena.cz\/index.php?rest_route=%2Fwp%2Fv2%2Fmedia&parent=30940"}],"wp:term":[{"taxonomy":"category","embeddable":true,"href":"https:\/\/www.invarena.cz\/index.php?rest_route=%2Fwp%2Fv2%2Fcategories&post=30940"},{"taxonomy":"post_tag","embeddable":true,"href":"https:\/\/www.invarena.cz\/index.php?rest_route=%2Fwp%2Fv2%2Ftags&post=30940"}],"curies":[{"name":"wp","href":"https:\/\/api.w.org\/{rel}","templated":true}]}}