{"id":30952,"date":"2018-10-10T15:37:01","date_gmt":"2018-10-10T13:37:01","guid":{"rendered":"http:\/\/www.invarena.cz\/?p=30952"},"modified":"2018-10-10T15:37:01","modified_gmt":"2018-10-10T13:37:01","slug":"handicapovani-dali-sezone-vale","status":"publish","type":"post","link":"https:\/\/www.invarena.cz\/?p=30952","title":{"rendered":"Handicapovan\u00ed dali sezon\u011b vale"},"content":{"rendered":"<p><strong>Dva v jednom. Handicapovan\u00ed sportovci sout\u011b\u017eili ve dvou skupin\u00e1ch. Jedna se \u00fa\u010dastnila \u010cesk\u00e9ho poh\u00e1ru, kter\u00fd je pro vybran\u00e9 skupiny posti\u017een\u00ed, druh\u00e1 parta z\u00e1vodila na atletick\u00e9m m\u00edtinku Rozlou\u010den\u00ed se sezonou. To v\u0161e na M\u011bstsk\u00e9m atletick\u00e9m stadionu.<\/strong><!--more--><\/p>\n<p>Cel\u00fd \u010dl\u00e1nek naleznete v Pardubick\u00e9m den\u00edku: <a href=\"https:\/\/pardubicky.denik.cz\/ostatni_region\/handicapovani-dali-sezone-vale-20181010.html\" target=\"_blank\" rel=\"noopener noreferrer\">ZDE<\/a><\/p>\n","protected":false},"excerpt":{"rendered":"<div class=\"mh-excerpt\"><p>Dva v jednom. Handicapovan\u00ed sportovci sout\u011b\u017eili ve dvou skupin\u00e1ch. Jedna se \u00fa\u010dastnila \u010cesk\u00e9ho poh\u00e1ru, kter\u00fd je pro vybran\u00e9 skupiny posti\u017een\u00ed, druh\u00e1 parta z\u00e1vodila na atletick\u00e9m <a class=\"mh-excerpt-more\" href=\"https:\/\/www.invarena.cz\/?p=30952\" title=\"Handicapovan\u00ed dali sezon\u011b vale\">[&#8230;]<\/a><\/p>\n<\/div>","protected":false},"author":1,"featured_media":7074,"comment_status":"open","ping_status":"closed","sticky":false,"template":"","format":"standard","meta":{"footnotes":""},"categories":[9],"tags":[],"class_list":["post-30952","post","type-post","status-publish","format-standard","has-post-thumbnail","hentry","category-zpravy"],"_links":{"self":[{"href":"https:\/\/www.invarena.cz\/index.php?rest_route=\/wp\/v2\/posts\/30952","targetHints":{"allow":["GET"]}}],"collection":[{"href":"https:\/\/www.invarena.cz\/index.php?rest_route=\/wp\/v2\/posts"}],"about":[{"href":"https:\/\/www.invarena.cz\/index.php?rest_route=\/wp\/v2\/types\/post"}],"author":[{"embeddable":true,"href":"https:\/\/www.invarena.cz\/index.php?rest_route=\/wp\/v2\/users\/1"}],"replies":[{"embeddable":true,"href":"https:\/\/www.invarena.cz\/index.php?rest_route=%2Fwp%2Fv2%2Fcomments&post=30952"}],"version-history":[{"count":0,"href":"https:\/\/www.invarena.cz\/index.php?rest_route=\/wp\/v2\/posts\/30952\/revisions"}],"wp:featuredmedia":[{"embeddable":true,"href":"https:\/\/www.invarena.cz\/index.php?rest_route=\/wp\/v2\/media\/7074"}],"wp:attachment":[{"href":"https:\/\/www.invarena.cz\/index.php?rest_route=%2Fwp%2Fv2%2Fmedia&parent=30952"}],"wp:term":[{"taxonomy":"category","embeddable":true,"href":"https:\/\/www.invarena.cz\/index.php?rest_route=%2Fwp%2Fv2%2Fcategories&post=30952"},{"taxonomy":"post_tag","embeddable":true,"href":"https:\/\/www.invarena.cz\/index.php?rest_route=%2Fwp%2Fv2%2Ftags&post=30952"}],"curies":[{"name":"wp","href":"https:\/\/api.w.org\/{rel}","templated":true}]}}