{"id":30998,"date":"2018-10-25T19:19:38","date_gmt":"2018-10-25T17:19:38","guid":{"rendered":"http:\/\/www.invarena.cz\/?p=30998"},"modified":"2018-10-25T19:19:38","modified_gmt":"2018-10-25T17:19:38","slug":"novym-autem-se-seniori-svezou-k-lekari-na-nakupy-i-vylety","status":"publish","type":"post","link":"https:\/\/www.invarena.cz\/?p=30998","title":{"rendered":"Nov\u00fdm autem se senio\u0159i svezou k l\u00e9ka\u0159i, na n\u00e1kupy i v\u00fdlety"},"content":{"rendered":"<p><strong>Ji\u017e pot\u0159et\u00ed b\u011bhem dvan\u00e1ctilet\u00e9 spolupr\u00e1ce s firmou Kompakt z\u00edskala teplick\u00e1 organizace Senior Teplice nov\u00e9 auto, tentokr\u00e1t jde o v\u016fz Dacia Dokker. P\u0159ed\u00e1n\u00ed se uskute\u010dnilo ve \u010dtvrtek dopoledne ve stacion\u00e1\u0159i v Probo\u0161tov\u011b.<\/strong><!--more--><\/p>\n<p>Cel\u00fd \u010dl\u00e1nek naleznete v Teplick\u00e9m den\u00edku: <a href=\"https:\/\/teplicky.denik.cz\/zpravy_region\/foto-novym-autem-se-seniori-svezou-k-lekari-na-nakupy-i-vylety-20181025.html\" target=\"_blank\" rel=\"noopener noreferrer\">ZDE<\/a><\/p>\n","protected":false},"excerpt":{"rendered":"<div class=\"mh-excerpt\"><p>Ji\u017e pot\u0159et\u00ed b\u011bhem dvan\u00e1ctilet\u00e9 spolupr\u00e1ce s firmou Kompakt z\u00edskala teplick\u00e1 organizace Senior Teplice nov\u00e9 auto, tentokr\u00e1t jde o v\u016fz Dacia Dokker. P\u0159ed\u00e1n\u00ed se uskute\u010dnilo ve <a class=\"mh-excerpt-more\" href=\"https:\/\/www.invarena.cz\/?p=30998\" title=\"Nov\u00fdm autem se senio\u0159i svezou k l\u00e9ka\u0159i, na n\u00e1kupy i v\u00fdlety\">[&#8230;]<\/a><\/p>\n<\/div>","protected":false},"author":1,"featured_media":0,"comment_status":"open","ping_status":"closed","sticky":false,"template":"","format":"standard","meta":{"footnotes":""},"categories":[9],"tags":[],"class_list":["post-30998","post","type-post","status-publish","format-standard","hentry","category-zpravy"],"_links":{"self":[{"href":"https:\/\/www.invarena.cz\/index.php?rest_route=\/wp\/v2\/posts\/30998","targetHints":{"allow":["GET"]}}],"collection":[{"href":"https:\/\/www.invarena.cz\/index.php?rest_route=\/wp\/v2\/posts"}],"about":[{"href":"https:\/\/www.invarena.cz\/index.php?rest_route=\/wp\/v2\/types\/post"}],"author":[{"embeddable":true,"href":"https:\/\/www.invarena.cz\/index.php?rest_route=\/wp\/v2\/users\/1"}],"replies":[{"embeddable":true,"href":"https:\/\/www.invarena.cz\/index.php?rest_route=%2Fwp%2Fv2%2Fcomments&post=30998"}],"version-history":[{"count":0,"href":"https:\/\/www.invarena.cz\/index.php?rest_route=\/wp\/v2\/posts\/30998\/revisions"}],"wp:attachment":[{"href":"https:\/\/www.invarena.cz\/index.php?rest_route=%2Fwp%2Fv2%2Fmedia&parent=30998"}],"wp:term":[{"taxonomy":"category","embeddable":true,"href":"https:\/\/www.invarena.cz\/index.php?rest_route=%2Fwp%2Fv2%2Fcategories&post=30998"},{"taxonomy":"post_tag","embeddable":true,"href":"https:\/\/www.invarena.cz\/index.php?rest_route=%2Fwp%2Fv2%2Ftags&post=30998"}],"curies":[{"name":"wp","href":"https:\/\/api.w.org\/{rel}","templated":true}]}}