{"id":30999,"date":"2018-10-25T19:36:06","date_gmt":"2018-10-25T17:36:06","guid":{"rendered":"http:\/\/www.invarena.cz\/?p=30999"},"modified":"2018-10-25T19:36:06","modified_gmt":"2018-10-25T17:36:06","slug":"adhd-a-autismus-dve-poruchy-ktere-si-lidi-pletou","status":"publish","type":"post","link":"https:\/\/www.invarena.cz\/?p=30999","title":{"rendered":"ADHD a autismus \u2013 dv\u011b poruchy, kter\u00e9 si lidi pletou"},"content":{"rendered":"<p><strong>Geni\u00e1ln\u00ed v\u011bdec Albert Einstein \u2013 a tak\u00e9 dyslektik i autista posti\u017een\u00fd hyperaktivitou \u2013 v d\u011btstv\u00ed budil dojem, \u017ee je opo\u017ed\u011bn. Poruchami ostatn\u011b pr\u00fd trp\u011bly pr\u00fd i dal\u0161\u00ed \u00fasp\u011b\u0161n\u00e9 a kreativn\u00ed osobnosti \u2013 Kolumbus, da Vinci, Newton, Mozart, Churchill, Z\u00e1topek\u2026<\/strong> <!--more--><\/p>\n<p>Autist\u00e9 nerozum\u00ed tomu, co vid\u00ed, sly\u0161\u00ed a pro\u017e\u00edvaj\u00ed. Laicky \u0159e\u010deno \u2013 nevyhodnocuj\u00ed spr\u00e1vn\u011b informace, kter\u00e9 od sv\u00e9ho okol\u00ed dost\u00e1vaj\u00ed, a reaguj\u00ed velmi nezvykle na b\u011b\u017en\u00e9 podn\u011bty. Necvi\u010den\u00e9 oko si je poplete s hyperaktivitou, vnit\u0159n\u00edm neklidem, v\u00fdraznou impulzivitou a poruchami pozornosti, jako je tomu u diagn\u00f3z ADHD \u2013 pro n\u011b\u017e se d\u0159\u00edve pou\u017e\u00edvaly pojmy LDE (lehk\u00e1 d\u011btsk\u00e1 encefalopatie) \u010di LMD (lehk\u00e1 mozkov\u00e1 dysfunkce).<\/p>\n<p>VE SV\u00c9M VLASTN\u00cdM SV\u011aT\u011a<\/p>\n<p>U\u017e v ran\u00e9m v\u011bku d\u00edt\u011bte si lze v\u0161imnout, \u017ee nereaguje na sv\u00e9 jm\u00e9no ani na pokyny a p\u016fsob\u00ed, jako by bylo nesly\u0161\u00edc\u00ed. Neum\u00ed si \u0159\u00edci, co chce, neukazuje, dokonce ani nem\u00e1v\u00e1 na rozlou\u010denou. Na sv\u00e9 okol\u00ed se neusm\u00edv\u00e1, rad\u011bji si hraje samo a m\u00edv\u00e1 \u0161patn\u00fd o\u010dn\u00ed kontakt. Ostatn\u00ed d\u011bti jej nezaj\u00edmaj\u00ed, jako by \u017eilo ve vlastn\u00edm sv\u011bt\u011b. N\u011bkter\u00fdmi v\u011bcmi se zab\u00fdv\u00e1 st\u00e1le dokola.<\/p>\n<p>Studie uv\u00e1d\u011bj\u00ed 15 a\u017e 25 p\u0159\u00edpad\u016f autismu na 10 tis\u00edc narozen\u00fdch d\u011bt\u00ed (podle \u0161\u00ed\u0159ky diagnostick\u00fdch krit\u00e9ri\u00ed). Potencion\u00e1ln\u011b tedy u n\u00e1s \u017eije 15 a\u017e 25 tis\u00edc osob s autismem.<\/p>\n<p>Ve\u0159ejnost \u010dasto zam\u011b\u0148uje autismus za tzv. Asperger\u016fv syndrom a m\u00e1 pocit, \u017ee ka\u017ed\u00fd autista mus\u00ed b\u00fdt prototypem Rain Mana z filmu. &#8222;Asperge\u0159i&#8220; jsou ale jen podskupinou autist\u016f. Soci\u00e1ln\u00ed abnormality nejsou u tohoto syndromu tak v\u00fdrazn\u00e9 jako u autismu. Z\u00e1kladn\u00edm znakem jsou nadpr\u016fm\u011brn\u00e9 schopnosti v ur\u010dit\u00e9m oboru, egocentrismus, prov\u00e1zan\u00fd s malou nebo dokonce \u017e\u00e1dnou schopnost\u00ed \u010di snahou o kontakt s vrstevn\u00edky. Typick\u00e9 jsou tak\u00e9 zvl\u00e1\u0161tn\u00ed z\u00e1jmy obsesivn\u00edho charakteru (nap\u0159. studov\u00e1n\u00ed telefonn\u00edch seznam\u016f, konzumace jen ur\u010dit\u00fdch j\u00eddel, vy\u017eadov\u00e1n\u00ed oble\u010den\u00ed jedin\u00e9 barvy\u2026).<\/p>\n<p>ADHD \u2013 RIZIKOV\u00dd FAKTOR PATOLOGICK\u00ddCH JEV\u016e<\/p>\n<p>Za poruchou se neskr\u00fdv\u00e1 jen klasick\u00e9 d\u011btsk\u00e9 zloben\u00ed. &#8222;U d\u011bt\u00ed je patrn\u00e9 sn\u00ed\u017een\u00e9 sebehodnocen\u00ed, m\u00edvaj\u00ed konflikty s vrstevn\u00edky, t\u00edhnou k individualistick\u00fdm reakc\u00edm, je u nich zv\u00fd\u0161en\u00fd sklon k \u00fazkostn\u00fdm reakc\u00edm, pot\u0159eba pozornosti okol\u00ed, kterou si zaji\u0161\u0165uje d\u00edt\u011b i negativn\u011b,&#8220; uv\u00e1d\u00ed p\u0159\u00edznaky poruchy Gabriela Jah\u016fdka Van\u00edkov\u00e1, d\u011btsk\u00e1 a dorostov\u00e1 psychiatri\u010dka.<\/p>\n<p>ADHD zhruba v 70 procentech p\u0159etrv\u00e1v\u00e1 do dosp\u011blosti a m\u016f\u017ee v\u00e9st k dal\u0161\u00edm patologick\u00fdm jev\u016fm. Onemocn\u011bn\u00ed podpo\u0159en\u00e9 l\u00e9\u010dbou v\u0161ak m\u016f\u017ee projevy \u010di poruchy chov\u00e1n\u00ed zm\u00edrnit. &#8222;Nov\u00e9 l\u00e9ky v psychiatrii jsou v\u00fdrazn\u011b \u0161etrn\u011bj\u0161\u00ed ne\u017e d\u0159\u00edv\u011bj\u0161\u00ed,&#8220; uv\u00e1d\u00ed v\u00fdsledky modern\u00ed l\u00e9\u010dby Jakub Dvo\u0159\u00e1\u010dek, v\u00fdkonn\u00fd \u0159editel Asociace inovativn\u00edho farmaceutick\u00e9ho pr\u016fmyslu.<\/p>\n<p>U dosp\u011bl\u00e9ho se porucha pozornosti s hyperaktivitou projevuje nejen zapom\u00edn\u00e1n\u00edm, prokrastinaci, \u010di nechut\u00ed dokon\u010dovat pr\u00e1ci, jedinec je i n\u00e1chyln\u011bj\u0161\u00ed k rizikov\u00e9mu chov\u00e1n\u00ed. Zbyte\u010dn\u011b riskuje, zkratkovit\u011b a nep\u0159im\u011b\u0159en\u011b jedn\u00e1 ve vypjat\u00fdch situac\u00edch, probl\u00e9my \u010dasto \u0159e\u0161\u00ed alkoholem a drogami a je u n\u011bj vy\u0161\u0161\u00ed sklon ke kriminalit\u011b.<\/p>\n<p>NOV\u00c1 KVALITA \u017dIVOTA<\/p>\n<p>D\u016fkazem, \u017ee se o chorob\u011b v posledn\u00ed dob\u011b hodn\u011b hovo\u0159\u00ed, je i \u010derstv\u00e1 inscenace ADHD pra\u017esk\u00e9ho Cirku La Putyka, pod n\u00ed\u017e je podeps\u00e1n re\u017eis\u00e9r a herec Rostislav Nov\u00e1k ml., kter\u00e9mu jako d\u00edt\u011bti byla porucha rovn\u011b\u017e diagnostikov\u00e1na.<\/p>\n<p>&#8222;S\u00e1m jsem byl jako d\u00edt\u011b diagnostikov\u00e1n ADHD a jeden z m\u00fdch syn\u016f je ADHD tak\u00e9,&#8220; \u0159\u00edk\u00e1 Nov\u00e1k a dod\u00e1v\u00e1: &#8222;Kdy\u017e ho vid\u00edm, jak dosp\u00edv\u00e1, jak bojuje s\u00e1m se sebou, se sv\u00fdm okol\u00edm, jak jeho t\u011blo a hlava n\u011bkdy reaguj\u00ed samy a on to nedok\u00e1\u017ee ovl\u00e1dat, nebo pochopit, \u0159ekl jsem si, \u017ee pro n\u011bj ud\u011bl\u00e1m projekt. Chci, aby pochopil, \u017ee ADHD nen\u00ed onemocn\u011bn\u00ed, ale nov\u00e1 kvalita \u017eivota.&#8220;<\/p>\n<p>25.10.2018<br \/>\nDENIS DRAHO\u0160<br \/>\nOlomouck\u00fd den\u00edk<br \/>\n<a href=\"http:\/\/www.olomoucky.denik.cz\/\" target=\"_blank\" rel=\"noopener noreferrer\">http:\/\/www.olomoucky.denik.cz\/<\/a><\/p>\n","protected":false},"excerpt":{"rendered":"<div class=\"mh-excerpt\"><p>Geni\u00e1ln\u00ed v\u011bdec Albert Einstein \u2013 a tak\u00e9 dyslektik i autista posti\u017een\u00fd hyperaktivitou \u2013 v d\u011btstv\u00ed budil dojem, \u017ee je opo\u017ed\u011bn. Poruchami ostatn\u011b pr\u00fd trp\u011bly pr\u00fd <a class=\"mh-excerpt-more\" href=\"https:\/\/www.invarena.cz\/?p=30999\" title=\"ADHD a autismus \u2013 dv\u011b poruchy, kter\u00e9 si lidi pletou\">[&#8230;]<\/a><\/p>\n<\/div>","protected":false},"author":1,"featured_media":18795,"comment_status":"open","ping_status":"closed","sticky":false,"template":"","format":"standard","meta":{"footnotes":""},"categories":[9],"tags":[],"class_list":["post-30999","post","type-post","status-publish","format-standard","has-post-thumbnail","hentry","category-zpravy"],"_links":{"self":[{"href":"https:\/\/www.invarena.cz\/index.php?rest_route=\/wp\/v2\/posts\/30999","targetHints":{"allow":["GET"]}}],"collection":[{"href":"https:\/\/www.invarena.cz\/index.php?rest_route=\/wp\/v2\/posts"}],"about":[{"href":"https:\/\/www.invarena.cz\/index.php?rest_route=\/wp\/v2\/types\/post"}],"author":[{"embeddable":true,"href":"https:\/\/www.invarena.cz\/index.php?rest_route=\/wp\/v2\/users\/1"}],"replies":[{"embeddable":true,"href":"https:\/\/www.invarena.cz\/index.php?rest_route=%2Fwp%2Fv2%2Fcomments&post=30999"}],"version-history":[{"count":0,"href":"https:\/\/www.invarena.cz\/index.php?rest_route=\/wp\/v2\/posts\/30999\/revisions"}],"wp:featuredmedia":[{"embeddable":true,"href":"https:\/\/www.invarena.cz\/index.php?rest_route=\/wp\/v2\/media\/18795"}],"wp:attachment":[{"href":"https:\/\/www.invarena.cz\/index.php?rest_route=%2Fwp%2Fv2%2Fmedia&parent=30999"}],"wp:term":[{"taxonomy":"category","embeddable":true,"href":"https:\/\/www.invarena.cz\/index.php?rest_route=%2Fwp%2Fv2%2Fcategories&post=30999"},{"taxonomy":"post_tag","embeddable":true,"href":"https:\/\/www.invarena.cz\/index.php?rest_route=%2Fwp%2Fv2%2Ftags&post=30999"}],"curies":[{"name":"wp","href":"https:\/\/api.w.org\/{rel}","templated":true}]}}