{"id":31003,"date":"2018-10-25T19:40:17","date_gmt":"2018-10-25T17:40:17","guid":{"rendered":"http:\/\/www.invarena.cz\/?p=31003"},"modified":"2018-10-25T19:40:17","modified_gmt":"2018-10-25T17:40:17","slug":"kabelkovy-veletrh-se-blizi-pomozte-tomovi","status":"publish","type":"post","link":"https:\/\/www.invarena.cz\/?p=31003","title":{"rendered":"Kabelkov\u00fd veletrh se bl\u00ed\u017e\u00ed. Pomozte Tomovi"},"content":{"rendered":"<p><strong>V\u00fdt\u011b\u017eek z Kabelkov\u00e9ho veletrhu Den\u00edku, kter\u00fd bude v \u00fater\u00fd 30. \u0159\u00edjna od 13 hodin v olomouck\u00e9 Galerii Moritz, pom\u016f\u017ee rodin\u011b Zagrapanov\u00fdch.<\/strong><!--more--><\/p>\n<p>Cel\u00fd \u010dl\u00e1nek naleznete v Olomouck\u00e9m den\u00edku: <a href=\"https:\/\/olomoucky.denik.cz\/zpravy_region\/kabelkovy-veletrh-se-blizi-pomozte-tomovi-20181024.html\" target=\"_blank\" rel=\"noopener noreferrer\">ZDE<\/a><\/p>\n","protected":false},"excerpt":{"rendered":"<div class=\"mh-excerpt\"><p>V\u00fdt\u011b\u017eek z Kabelkov\u00e9ho veletrhu Den\u00edku, kter\u00fd bude v \u00fater\u00fd 30. \u0159\u00edjna od 13 hodin v olomouck\u00e9 Galerii Moritz, pom\u016f\u017ee rodin\u011b Zagrapanov\u00fdch.<\/p>\n<\/div>","protected":false},"author":1,"featured_media":0,"comment_status":"open","ping_status":"closed","sticky":false,"template":"","format":"standard","meta":{"footnotes":""},"categories":[9],"tags":[],"class_list":["post-31003","post","type-post","status-publish","format-standard","hentry","category-zpravy"],"_links":{"self":[{"href":"https:\/\/www.invarena.cz\/index.php?rest_route=\/wp\/v2\/posts\/31003","targetHints":{"allow":["GET"]}}],"collection":[{"href":"https:\/\/www.invarena.cz\/index.php?rest_route=\/wp\/v2\/posts"}],"about":[{"href":"https:\/\/www.invarena.cz\/index.php?rest_route=\/wp\/v2\/types\/post"}],"author":[{"embeddable":true,"href":"https:\/\/www.invarena.cz\/index.php?rest_route=\/wp\/v2\/users\/1"}],"replies":[{"embeddable":true,"href":"https:\/\/www.invarena.cz\/index.php?rest_route=%2Fwp%2Fv2%2Fcomments&post=31003"}],"version-history":[{"count":0,"href":"https:\/\/www.invarena.cz\/index.php?rest_route=\/wp\/v2\/posts\/31003\/revisions"}],"wp:attachment":[{"href":"https:\/\/www.invarena.cz\/index.php?rest_route=%2Fwp%2Fv2%2Fmedia&parent=31003"}],"wp:term":[{"taxonomy":"category","embeddable":true,"href":"https:\/\/www.invarena.cz\/index.php?rest_route=%2Fwp%2Fv2%2Fcategories&post=31003"},{"taxonomy":"post_tag","embeddable":true,"href":"https:\/\/www.invarena.cz\/index.php?rest_route=%2Fwp%2Fv2%2Ftags&post=31003"}],"curies":[{"name":"wp","href":"https:\/\/api.w.org\/{rel}","templated":true}]}}