{"id":31015,"date":"2018-10-30T16:12:08","date_gmt":"2018-10-30T15:12:08","guid":{"rendered":"http:\/\/www.invarena.cz\/?p=31015"},"modified":"2018-10-30T16:12:08","modified_gmt":"2018-10-30T15:12:08","slug":"ivan-karabec-se-pomalu-stava-trenerem-ale-nadale-hraje-prvni-ligu-za-havirov","status":"publish","type":"post","link":"https:\/\/www.invarena.cz\/?p=31015","title":{"rendered":"Ivan Karabec se pomalu st\u00e1v\u00e1 tren\u00e9rem, ale nad\u00e1le hraje prvn\u00ed ligu za Hav\u00ed\u0159ov"},"content":{"rendered":"<p><strong>Na skok se vr\u00e1til dom\u016f pod \u010cernou v\u011b\u017e, kde vyr\u016fstal a odkud p\u0159ed \u010dty\u0159iadvaceti lety ode\u0161el do Hav\u00ed\u0159ova. Stoln\u00ed tenista Ivan Karabec (38 let) tentokr\u00e1t na mistrovstv\u00ed sv\u011bta t\u011blesn\u011b posti\u017een\u00fdch stoln\u00edch tenist\u016f na medaili nedos\u00e1hl a svou a\u017e neuv\u011b\u0159iteln\u011b bohatou sb\u00edrku cenn\u00fdch kov\u016f tak neroz\u0161\u00ed\u0159il.<\/strong><!--more--><\/p>\n<p>Cel\u00fd \u010dl\u00e1nek naleznete v \u010ceskokrumlovsk\u00e9m den\u00edku: <a href=\"https:\/\/ceskokrumlovsky.denik.cz\/ostatni_region\/ivan-karabec-se-pomalu-stava-trenerem-ale-nadale-hraje-prvni-ligu-za-havirov-20181030.html\" target=\"_blank\" rel=\"noopener noreferrer\">ZDE<\/a><\/p>\n","protected":false},"excerpt":{"rendered":"<div class=\"mh-excerpt\"><p>Na skok se vr\u00e1til dom\u016f pod \u010cernou v\u011b\u017e, kde vyr\u016fstal a odkud p\u0159ed \u010dty\u0159iadvaceti lety ode\u0161el do Hav\u00ed\u0159ova. Stoln\u00ed tenista Ivan Karabec (38 let) tentokr\u00e1t <a class=\"mh-excerpt-more\" href=\"https:\/\/www.invarena.cz\/?p=31015\" title=\"Ivan Karabec se pomalu st\u00e1v\u00e1 tren\u00e9rem, ale nad\u00e1le hraje prvn\u00ed ligu za Hav\u00ed\u0159ov\">[&#8230;]<\/a><\/p>\n<\/div>","protected":false},"author":1,"featured_media":0,"comment_status":"open","ping_status":"closed","sticky":false,"template":"","format":"standard","meta":{"footnotes":""},"categories":[9],"tags":[],"class_list":["post-31015","post","type-post","status-publish","format-standard","hentry","category-zpravy"],"_links":{"self":[{"href":"https:\/\/www.invarena.cz\/index.php?rest_route=\/wp\/v2\/posts\/31015","targetHints":{"allow":["GET"]}}],"collection":[{"href":"https:\/\/www.invarena.cz\/index.php?rest_route=\/wp\/v2\/posts"}],"about":[{"href":"https:\/\/www.invarena.cz\/index.php?rest_route=\/wp\/v2\/types\/post"}],"author":[{"embeddable":true,"href":"https:\/\/www.invarena.cz\/index.php?rest_route=\/wp\/v2\/users\/1"}],"replies":[{"embeddable":true,"href":"https:\/\/www.invarena.cz\/index.php?rest_route=%2Fwp%2Fv2%2Fcomments&post=31015"}],"version-history":[{"count":0,"href":"https:\/\/www.invarena.cz\/index.php?rest_route=\/wp\/v2\/posts\/31015\/revisions"}],"wp:attachment":[{"href":"https:\/\/www.invarena.cz\/index.php?rest_route=%2Fwp%2Fv2%2Fmedia&parent=31015"}],"wp:term":[{"taxonomy":"category","embeddable":true,"href":"https:\/\/www.invarena.cz\/index.php?rest_route=%2Fwp%2Fv2%2Fcategories&post=31015"},{"taxonomy":"post_tag","embeddable":true,"href":"https:\/\/www.invarena.cz\/index.php?rest_route=%2Fwp%2Fv2%2Ftags&post=31015"}],"curies":[{"name":"wp","href":"https:\/\/api.w.org\/{rel}","templated":true}]}}