{"id":31019,"date":"2018-10-30T16:25:42","date_gmt":"2018-10-30T15:25:42","guid":{"rendered":"http:\/\/www.invarena.cz\/?p=31019"},"modified":"2018-10-30T16:25:42","modified_gmt":"2018-10-30T15:25:42","slug":"ve-vrbenske-voni-pralinky","status":"publish","type":"post","link":"https:\/\/www.invarena.cz\/?p=31019","title":{"rendered":"VE VRBENSK\u00c9 VON\u00cd PRALINKY"},"content":{"rendered":"<p><strong>PRALINKY S P\u0158\u00cdB\u011aHEM. A\u017e dvan\u00e1ct lid\u00ed se zdravotn\u00edm hendikepem m\u016f\u017ee do budoucna nal\u00e9zt uplatn\u011bn\u00ed v pralink\u00e1rn\u011b, kterou v z\u00e1v\u011bru minul\u00e9ho t\u00fddne \u010cokol\u00e1dovou slavnost\u00ed ofici\u00e1ln\u011b otev\u0159eli ve Vala\u0161sk\u00e9m Mezi\u0159\u00ed\u010d\u00ed.<\/strong> <!--more--><\/p>\n<p>D\u00edlnu na v\u00fdrobu sladkost\u00ed nazvanou Pralinky s p\u0159\u00edb\u011bhem v tamn\u00ed Vrbensk\u00e9 ulici provozuje mezi\u0159\u00ed\u010dsk\u00e9 st\u0159edisko Diakonie. Zat\u00edm zam\u011bstn\u00e1v\u00e1 \u010dty\u0159i hendikepovan\u00e9. C\u00edlem Diakonie je zam\u011bstnat lidi se zdravotn\u00edm posti\u017een\u00edm a z\u00e1rove\u0148 vytvo\u0159it p\u0159irozen\u00e9 m\u00edsto pro jejich setk\u00e1v\u00e1n\u00ed s lidmi zdrav\u00fdmi.<\/p>\n<p>&#8222;\u010casem m\u016f\u017eeme v\u00fdrobu roz\u0161\u00ed\u0159it a zam\u011bstnat a\u017e dvan\u00e1ct lid\u00ed ve dvou zkr\u00e1cen\u00fdch sm\u011bn\u00e1ch. B\u011b\u017en\u00e9 osmihodinov\u00e9 by p\u0159i sv\u00e9m zdravotn\u00edm omezen\u00ed nevydr\u017eeli,&#8220; vysv\u011btlila u\u017e d\u0159\u00edve \u0159editelka Diakonie Zdislava Odstr\u010dilov\u00e1.<\/p>\n<p>Hlavn\u00edmi odb\u011brateli dobrot by se m\u011bly st\u00e1t kav\u00e1rny, hotely a firmy, kter\u00e9 mohou pralinkami obdarovat sv\u00e9 zam\u011bstnance. Diakonie z\u00edskala pro sv\u016fj z\u00e1m\u011br pen\u00edze od Nadace \u010cesk\u00e9 spo\u0159itelny. V pln\u00e9m provozu se pralink\u00e1rna otev\u0159e ve\u0159ejnosti v lednu p\u0159\u00ed\u0161t\u00edho roku.<\/p>\n<p>Krom\u011b\u0159\u00ed\u017esk\u00fd den\u00edk<br \/>\n<a href=\"http:\/\/kromerizsky.denik.cz\/\" target=\"_blank\" rel=\"noopener noreferrer\">http:\/\/kromerizsky.denik.cz\/<\/a><\/p>\n","protected":false},"excerpt":{"rendered":"<div class=\"mh-excerpt\"><p>PRALINKY S P\u0158\u00cdB\u011aHEM. A\u017e dvan\u00e1ct lid\u00ed se zdravotn\u00edm hendikepem m\u016f\u017ee do budoucna nal\u00e9zt uplatn\u011bn\u00ed v pralink\u00e1rn\u011b, kterou v z\u00e1v\u011bru minul\u00e9ho t\u00fddne \u010cokol\u00e1dovou slavnost\u00ed ofici\u00e1ln\u011b otev\u0159eli <a class=\"mh-excerpt-more\" href=\"https:\/\/www.invarena.cz\/?p=31019\" title=\"VE VRBENSK\u00c9 VON\u00cd PRALINKY\">[&#8230;]<\/a><\/p>\n<\/div>","protected":false},"author":1,"featured_media":0,"comment_status":"open","ping_status":"closed","sticky":false,"template":"","format":"standard","meta":{"footnotes":""},"categories":[9],"tags":[],"class_list":["post-31019","post","type-post","status-publish","format-standard","hentry","category-zpravy"],"_links":{"self":[{"href":"https:\/\/www.invarena.cz\/index.php?rest_route=\/wp\/v2\/posts\/31019","targetHints":{"allow":["GET"]}}],"collection":[{"href":"https:\/\/www.invarena.cz\/index.php?rest_route=\/wp\/v2\/posts"}],"about":[{"href":"https:\/\/www.invarena.cz\/index.php?rest_route=\/wp\/v2\/types\/post"}],"author":[{"embeddable":true,"href":"https:\/\/www.invarena.cz\/index.php?rest_route=\/wp\/v2\/users\/1"}],"replies":[{"embeddable":true,"href":"https:\/\/www.invarena.cz\/index.php?rest_route=%2Fwp%2Fv2%2Fcomments&post=31019"}],"version-history":[{"count":0,"href":"https:\/\/www.invarena.cz\/index.php?rest_route=\/wp\/v2\/posts\/31019\/revisions"}],"wp:attachment":[{"href":"https:\/\/www.invarena.cz\/index.php?rest_route=%2Fwp%2Fv2%2Fmedia&parent=31019"}],"wp:term":[{"taxonomy":"category","embeddable":true,"href":"https:\/\/www.invarena.cz\/index.php?rest_route=%2Fwp%2Fv2%2Fcategories&post=31019"},{"taxonomy":"post_tag","embeddable":true,"href":"https:\/\/www.invarena.cz\/index.php?rest_route=%2Fwp%2Fv2%2Ftags&post=31019"}],"curies":[{"name":"wp","href":"https:\/\/api.w.org\/{rel}","templated":true}]}}