{"id":31020,"date":"2018-10-30T16:27:17","date_gmt":"2018-10-30T15:27:17","guid":{"rendered":"http:\/\/www.invarena.cz\/?p=31020"},"modified":"2018-10-30T16:27:17","modified_gmt":"2018-10-30T15:27:17","slug":"zenou-regionu-se-stala-marcela-dvorackova-z-azyloveho-domu-pro-hendikepovane-matky","status":"publish","type":"post","link":"https:\/\/www.invarena.cz\/?p=31020","title":{"rendered":"\u017denou regionu se stala Marcela Dvo\u0159\u00e1\u010dkov\u00e1 z azylov\u00e9ho domu pro hendikepovan\u00e9 matky"},"content":{"rendered":"<p><strong>Absolutn\u00ed v\u00edt\u011bzkou ve\u0159ejn\u011b prosp\u011b\u0161n\u00e9 sout\u011b\u017ee \u017dena regionu se stala d\u00edky nejv\u011bt\u0161\u00edmu po\u010dtu hlas\u016f od \u0161irok\u00e9 ve\u0159ejnosti Marcela Dvo\u0159\u00e1\u010dkov\u00e1 z \u00dasteck\u00e9ho kraje, kter\u00e1 vede unik\u00e1tn\u00ed charitativn\u00ed azylov\u00fd d\u016fm v Ji\u0159et\u00edn\u011b pod Jedlovou. Slavnostn\u00ed galave\u010der s vyhl\u00e1\u0161en\u00edm v\u00fdsledk\u016f se uskute\u010dnil 25. \u0159\u00edjna v hlavn\u00edm s\u00e1le pra\u017esk\u00e9ho Vald\u0161tejnsk\u00e9ho pal\u00e1ce Sen\u00e1tu Parlamentu \u010cR.<\/strong><!--more--><\/p>\n<p>Cel\u00fd \u010dl\u00e1nek naleznete na novinky.cz: <a href=\"https:\/\/www.novinky.cz\/zena\/styl\/487534-zenou-regionu-se-stala-marcela-dvorackova-z-azyloveho-domu-pro-hendikepovane-matky.html\" target=\"_blank\" rel=\"noopener noreferrer\">ZDE<\/a><\/p>\n","protected":false},"excerpt":{"rendered":"<div class=\"mh-excerpt\"><p>Absolutn\u00ed v\u00edt\u011bzkou ve\u0159ejn\u011b prosp\u011b\u0161n\u00e9 sout\u011b\u017ee \u017dena regionu se stala d\u00edky nejv\u011bt\u0161\u00edmu po\u010dtu hlas\u016f od \u0161irok\u00e9 ve\u0159ejnosti Marcela Dvo\u0159\u00e1\u010dkov\u00e1 z \u00dasteck\u00e9ho kraje, kter\u00e1 vede unik\u00e1tn\u00ed charitativn\u00ed <a class=\"mh-excerpt-more\" href=\"https:\/\/www.invarena.cz\/?p=31020\" title=\"\u017denou regionu se stala Marcela Dvo\u0159\u00e1\u010dkov\u00e1 z azylov\u00e9ho domu pro hendikepovan\u00e9 matky\">[&#8230;]<\/a><\/p>\n<\/div>","protected":false},"author":1,"featured_media":0,"comment_status":"open","ping_status":"closed","sticky":false,"template":"","format":"standard","meta":{"footnotes":""},"categories":[9],"tags":[],"class_list":["post-31020","post","type-post","status-publish","format-standard","hentry","category-zpravy"],"_links":{"self":[{"href":"https:\/\/www.invarena.cz\/index.php?rest_route=\/wp\/v2\/posts\/31020","targetHints":{"allow":["GET"]}}],"collection":[{"href":"https:\/\/www.invarena.cz\/index.php?rest_route=\/wp\/v2\/posts"}],"about":[{"href":"https:\/\/www.invarena.cz\/index.php?rest_route=\/wp\/v2\/types\/post"}],"author":[{"embeddable":true,"href":"https:\/\/www.invarena.cz\/index.php?rest_route=\/wp\/v2\/users\/1"}],"replies":[{"embeddable":true,"href":"https:\/\/www.invarena.cz\/index.php?rest_route=%2Fwp%2Fv2%2Fcomments&post=31020"}],"version-history":[{"count":0,"href":"https:\/\/www.invarena.cz\/index.php?rest_route=\/wp\/v2\/posts\/31020\/revisions"}],"wp:attachment":[{"href":"https:\/\/www.invarena.cz\/index.php?rest_route=%2Fwp%2Fv2%2Fmedia&parent=31020"}],"wp:term":[{"taxonomy":"category","embeddable":true,"href":"https:\/\/www.invarena.cz\/index.php?rest_route=%2Fwp%2Fv2%2Fcategories&post=31020"},{"taxonomy":"post_tag","embeddable":true,"href":"https:\/\/www.invarena.cz\/index.php?rest_route=%2Fwp%2Fv2%2Ftags&post=31020"}],"curies":[{"name":"wp","href":"https:\/\/api.w.org\/{rel}","templated":true}]}}