{"id":31023,"date":"2018-10-31T10:26:48","date_gmt":"2018-10-31T09:26:48","guid":{"rendered":"http:\/\/www.invarena.cz\/?p=31023"},"modified":"2018-10-31T10:26:48","modified_gmt":"2018-10-31T09:26:48","slug":"mpsv-spustilo-informacni-kampan-o-pravech-osob-se-zdravotnim-postizenim","status":"publish","type":"post","link":"https:\/\/www.invarena.cz\/?p=31023","title":{"rendered":"MPSV spustilo informa\u010dn\u00ed kampa\u0148 o pr\u00e1vech osob se zdravotn\u00edm posti\u017een\u00edm"},"content":{"rendered":"<p><strong>C\u00edlem kampan\u011b Ministerstva pr\u00e1ce a soci\u00e1ln\u00edch v\u011bc\u00ed je prohloubit vn\u00edm\u00e1n\u00ed \u0161irok\u00e9 ve\u0159ejnosti o tom, \u017ee lid\u00e9 s posti\u017een\u00edm maj\u00ed stejn\u00e1 pr\u00e1va na samostatn\u00fd \u017eivot jako v\u0161ichni ostatn\u00ed. St\u00e1le se toti\u017e u ve\u0159ejnosti setk\u00e1v\u00e1me s vy\u010dle\u0148ov\u00e1n\u00edm osob s posti\u017een\u00edm z b\u011b\u017en\u00e9ho \u017eivota. Hlavn\u00edm heslem kampan\u011b je slogan \u201e\u017d\u00edt doma je p\u0159irozen\u00e9\u201c.<\/strong><br \/>\n<!--more--><br \/>\nKampa\u0148 je c\u00edlena na \u0161irokou ve\u0159ejnost a slou\u017e\u00ed p\u0159edev\u0161\u00edm k sezn\u00e1men\u00ed s \u017eivotem v \u00fastavn\u00ed p\u00e9\u010di, kter\u00e1 nem\u00e1 b\u00fdt prvn\u00ed volbou p\u0159i \u0159e\u0161en\u00ed \u017eivotn\u00ed situace \u010dlov\u011bka s posti\u017een\u00edm. Poukazuje p\u0159edev\u0161\u00edm na to, \u017ee i lid\u00e9 s nejr\u016fzn\u011bj\u0161\u00edm typem a m\u00edrou posti\u017een\u00ed maj\u00ed pr\u00e1vo \u017e\u00edt v b\u011b\u017en\u00e9m prost\u0159ed\u00ed, a\u0165 u\u017e d\u00edky soci\u00e1ln\u00edm slu\u017eb\u00e1m nebo d\u00edky neform\u00e1ln\u00edm pe\u010dovatel\u016fm.<\/p>\n<p>P\u0159isp\u00edv\u00e1 tak\u00e9 ke zviditeln\u011bn\u00ed sou\u010dasn\u00e9ho trendu v poskytov\u00e1n\u00ed soci\u00e1ln\u00edch slu\u017eeb, kter\u00fdm je d\u016fraz na individu\u00e1ln\u00ed podporu t\u011bchto lid\u00ed v b\u011b\u017en\u00e9 komunit\u011b a naopak odklon od komplexn\u00ed p\u00e9\u010de v instituc\u00edch. Zm\u00edn\u011bn\u00fd trend vych\u00e1z\u00ed mimo jin\u00e9 z d\u016fsledn\u00e9 snahy o zaji\u0161t\u011bn\u00ed lidsk\u00fdch pr\u00e1v a pr\u00e1v osob s posti\u017een\u00edm. V r\u00e1mci kampan\u011b jsou uve\u0159ejn\u011bny propaga\u010dn\u00ed materi\u00e1ly, kter\u00e9 byly vytvo\u0159eny za pomoci protagonist\u016f projektu.<\/p>\n<p>Protagonisty kampan\u011b jsou lid\u00e9 s r\u016fzn\u00fdm typem posti\u017een\u00ed. Nap\u0159\u00edklad se jedn\u00e1 o partnery ment\u00e1ln\u011b hendikepovan\u00e9, kte\u0159\u00ed spole\u010dn\u011b u\u017e\u00edvaj\u00ed n\u00e1jemn\u00ed byt. Jejich \u017eivot se o mnoho neli\u0161\u00ed od \u017eivota ostatn\u00edch. Oba doch\u00e1zej\u00ed do zam\u011bstn\u00e1n\u00ed a t\u011b\u0161\u00ed se dom\u016f, samostatn\u011b si nakoup\u00ed, poklid\u00ed dom\u00e1cnost a zbyde jim \u010das na proch\u00e1zku nebo n\u00e1v\u0161t\u011bvu p\u0159\u00e1tel. A kdy\u017e si nev\u00ed s n\u011b\u010d\u00edm rady, obr\u00e1t\u00ed se na asistentku chr\u00e1n\u011bn\u00e9ho bydlen\u00ed, jeho\u017e slu\u017eby vyu\u017e\u00edvaj\u00ed.<\/p>\n<p>Kampa\u0148 realizuje projekt MPSV \u017divot jako ka\u017ed\u00fd jin\u00fd, kter\u00fd je financov\u00e1n z Evropsk\u00fdch soci\u00e1ln\u00edch fond\u016f a st\u00e1tn\u00edho rozpo\u010dtu \u010cR prost\u0159ednictv\u00edm Opera\u010dn\u00edho programu Zam\u011bstnanost.<\/p>\n<p>Souvisej\u00edc\u00ed odkazy: \u017divot jako ka\u017ed\u00fd jin\u00fd <a href=\"http:\/\/www.trass.cz\" target=\"_blank\" rel=\"noopener noreferrer\">www.trass.cz<\/a><\/p>\n<p>Tiskov\u00e9 odd\u011blen\u00ed MPSV<\/p>\n","protected":false},"excerpt":{"rendered":"<div class=\"mh-excerpt\"><p>C\u00edlem kampan\u011b Ministerstva pr\u00e1ce a soci\u00e1ln\u00edch v\u011bc\u00ed je prohloubit vn\u00edm\u00e1n\u00ed \u0161irok\u00e9 ve\u0159ejnosti o tom, \u017ee lid\u00e9 s posti\u017een\u00edm maj\u00ed stejn\u00e1 pr\u00e1va na samostatn\u00fd \u017eivot jako <a class=\"mh-excerpt-more\" href=\"https:\/\/www.invarena.cz\/?p=31023\" title=\"MPSV spustilo informa\u010dn\u00ed kampa\u0148 o pr\u00e1vech osob se zdravotn\u00edm posti\u017een\u00edm\">[&#8230;]<\/a><\/p>\n<\/div>","protected":false},"author":1,"featured_media":4001,"comment_status":"open","ping_status":"closed","sticky":false,"template":"","format":"standard","meta":{"footnotes":""},"categories":[9],"tags":[],"class_list":["post-31023","post","type-post","status-publish","format-standard","has-post-thumbnail","hentry","category-zpravy"],"_links":{"self":[{"href":"https:\/\/www.invarena.cz\/index.php?rest_route=\/wp\/v2\/posts\/31023","targetHints":{"allow":["GET"]}}],"collection":[{"href":"https:\/\/www.invarena.cz\/index.php?rest_route=\/wp\/v2\/posts"}],"about":[{"href":"https:\/\/www.invarena.cz\/index.php?rest_route=\/wp\/v2\/types\/post"}],"author":[{"embeddable":true,"href":"https:\/\/www.invarena.cz\/index.php?rest_route=\/wp\/v2\/users\/1"}],"replies":[{"embeddable":true,"href":"https:\/\/www.invarena.cz\/index.php?rest_route=%2Fwp%2Fv2%2Fcomments&post=31023"}],"version-history":[{"count":0,"href":"https:\/\/www.invarena.cz\/index.php?rest_route=\/wp\/v2\/posts\/31023\/revisions"}],"wp:featuredmedia":[{"embeddable":true,"href":"https:\/\/www.invarena.cz\/index.php?rest_route=\/wp\/v2\/media\/4001"}],"wp:attachment":[{"href":"https:\/\/www.invarena.cz\/index.php?rest_route=%2Fwp%2Fv2%2Fmedia&parent=31023"}],"wp:term":[{"taxonomy":"category","embeddable":true,"href":"https:\/\/www.invarena.cz\/index.php?rest_route=%2Fwp%2Fv2%2Fcategories&post=31023"},{"taxonomy":"post_tag","embeddable":true,"href":"https:\/\/www.invarena.cz\/index.php?rest_route=%2Fwp%2Fv2%2Ftags&post=31023"}],"curies":[{"name":"wp","href":"https:\/\/api.w.org\/{rel}","templated":true}]}}