{"id":31061,"date":"2018-11-13T18:44:42","date_gmt":"2018-11-13T17:44:42","guid":{"rendered":"http:\/\/www.invarena.cz\/?p=31061"},"modified":"2018-11-13T18:44:42","modified_gmt":"2018-11-13T17:44:42","slug":"do-noveho-centra-pro-nevidome-v-ostrave-se-dostanou-i-vozickari","status":"publish","type":"post","link":"https:\/\/www.invarena.cz\/?p=31061","title":{"rendered":"Do nov\u00e9ho centra pro nevidom\u00e9 v Ostrav\u011b se dostanou i voz\u00ed\u010dk\u00e1\u0159i"},"content":{"rendered":"<p><strong>Lidem z Moravskoslezsk\u00e9ho kraje, kter\u00fdm sl\u00e1bne zrak, nebo oslepnou, pom\u00e1haj\u00ed od roku 1991 odborn\u00edci krajsk\u00e9ho ambulantn\u00edho st\u0159ediska Tyfloservisu. Bu\u010f jezd\u00ed za nimi dom\u016f, nebo je zvou do sv\u00e9ho centra v Ostrav\u011b. To se nyn\u00ed p\u0159est\u011bhovalo na Proke\u0161ovo n\u00e1m\u011bst\u00ed \u010d\u00edslo 5, kam se dostanou i voz\u00ed\u010dk\u00e1\u0159i.<\/strong> <!--more--><\/p>\n<p>Cel\u00fd \u010dl\u00e1nek naleznete na ostrava.idnes.cz: <a href=\"https:\/\/ostrava.idnes.cz\/nevidomy-tyfloservis-vozickar-d3m-\/ostrava-zpravy.aspx?c=A181113_439267_ostrava-zpravy_jaga\" target=\"_blank\" rel=\"noopener noreferrer\">ZDE<\/a><\/p>\n","protected":false},"excerpt":{"rendered":"<div class=\"mh-excerpt\"><p>Lidem z Moravskoslezsk\u00e9ho kraje, kter\u00fdm sl\u00e1bne zrak, nebo oslepnou, pom\u00e1haj\u00ed od roku 1991 odborn\u00edci krajsk\u00e9ho ambulantn\u00edho st\u0159ediska Tyfloservisu. Bu\u010f jezd\u00ed za nimi dom\u016f, nebo je <a class=\"mh-excerpt-more\" href=\"https:\/\/www.invarena.cz\/?p=31061\" title=\"Do nov\u00e9ho centra pro nevidom\u00e9 v Ostrav\u011b se dostanou i voz\u00ed\u010dk\u00e1\u0159i\">[&#8230;]<\/a><\/p>\n<\/div>","protected":false},"author":1,"featured_media":783,"comment_status":"open","ping_status":"closed","sticky":false,"template":"","format":"standard","meta":{"footnotes":""},"categories":[9],"tags":[],"class_list":["post-31061","post","type-post","status-publish","format-standard","has-post-thumbnail","hentry","category-zpravy"],"_links":{"self":[{"href":"https:\/\/www.invarena.cz\/index.php?rest_route=\/wp\/v2\/posts\/31061","targetHints":{"allow":["GET"]}}],"collection":[{"href":"https:\/\/www.invarena.cz\/index.php?rest_route=\/wp\/v2\/posts"}],"about":[{"href":"https:\/\/www.invarena.cz\/index.php?rest_route=\/wp\/v2\/types\/post"}],"author":[{"embeddable":true,"href":"https:\/\/www.invarena.cz\/index.php?rest_route=\/wp\/v2\/users\/1"}],"replies":[{"embeddable":true,"href":"https:\/\/www.invarena.cz\/index.php?rest_route=%2Fwp%2Fv2%2Fcomments&post=31061"}],"version-history":[{"count":0,"href":"https:\/\/www.invarena.cz\/index.php?rest_route=\/wp\/v2\/posts\/31061\/revisions"}],"wp:featuredmedia":[{"embeddable":true,"href":"https:\/\/www.invarena.cz\/index.php?rest_route=\/wp\/v2\/media\/783"}],"wp:attachment":[{"href":"https:\/\/www.invarena.cz\/index.php?rest_route=%2Fwp%2Fv2%2Fmedia&parent=31061"}],"wp:term":[{"taxonomy":"category","embeddable":true,"href":"https:\/\/www.invarena.cz\/index.php?rest_route=%2Fwp%2Fv2%2Fcategories&post=31061"},{"taxonomy":"post_tag","embeddable":true,"href":"https:\/\/www.invarena.cz\/index.php?rest_route=%2Fwp%2Fv2%2Ftags&post=31061"}],"curies":[{"name":"wp","href":"https:\/\/api.w.org\/{rel}","templated":true}]}}