{"id":31062,"date":"2018-11-13T18:50:54","date_gmt":"2018-11-13T17:50:54","guid":{"rendered":"http:\/\/www.invarena.cz\/?p=31062"},"modified":"2018-11-13T18:50:54","modified_gmt":"2018-11-13T17:50:54","slug":"pred-prolezeninami-varuje-preventivni-akce-nemocnice-prostejov","status":"publish","type":"post","link":"https:\/\/www.invarena.cz\/?p=31062","title":{"rendered":"P\u0159ed prole\u017eeninami varuje preventivn\u00ed akce Nemocnice Prost\u011bjov"},"content":{"rendered":"<p><strong>Zhor\u0161enou kvalitu \u017eivota nebo dokonce i ohro\u017een\u00ed na \u017eivot\u011b mohou m\u00edt za n\u00e1sledek takzvan\u00e9 dekubity, kter\u00e9 postihuj\u00ed p\u0159edev\u0161\u00edm \u010d\u00e1ste\u010dn\u011b \u010di zcela imobiln\u00ed osoby. Nemocnice Prost\u011bjov se proto zam\u011b\u0159uje na osv\u011btu a v r\u00e1mci Sv\u011btov\u00e9ho dne Stop dekubit\u016fm p\u0159ipravila na \u010dtvrtek 15. listopadu preventivn\u00ed akci.<\/strong><!--more--><\/p>\n<p>Cel\u00fd \u010dl\u00e1nek naleznete na novinky.cz: <a href=\"https:\/\/www.novinky.cz\/vase-zpravy\/olomoucky-kraj\/prostejov\/5288-53179-pred-prolezeninami-varuje-preventivni-akce-nemocnice-prostejov.html\" target=\"_blank\" rel=\"noopener noreferrer\">ZDE<\/a><\/p>\n","protected":false},"excerpt":{"rendered":"<div class=\"mh-excerpt\"><p>Zhor\u0161enou kvalitu \u017eivota nebo dokonce i ohro\u017een\u00ed na \u017eivot\u011b mohou m\u00edt za n\u00e1sledek takzvan\u00e9 dekubity, kter\u00e9 postihuj\u00ed p\u0159edev\u0161\u00edm \u010d\u00e1ste\u010dn\u011b \u010di zcela imobiln\u00ed osoby. Nemocnice Prost\u011bjov <a class=\"mh-excerpt-more\" href=\"https:\/\/www.invarena.cz\/?p=31062\" title=\"P\u0159ed prole\u017eeninami varuje preventivn\u00ed akce Nemocnice Prost\u011bjov\">[&#8230;]<\/a><\/p>\n<\/div>","protected":false},"author":1,"featured_media":21447,"comment_status":"open","ping_status":"closed","sticky":false,"template":"","format":"standard","meta":{"footnotes":""},"categories":[9],"tags":[],"class_list":["post-31062","post","type-post","status-publish","format-standard","has-post-thumbnail","hentry","category-zpravy"],"_links":{"self":[{"href":"https:\/\/www.invarena.cz\/index.php?rest_route=\/wp\/v2\/posts\/31062","targetHints":{"allow":["GET"]}}],"collection":[{"href":"https:\/\/www.invarena.cz\/index.php?rest_route=\/wp\/v2\/posts"}],"about":[{"href":"https:\/\/www.invarena.cz\/index.php?rest_route=\/wp\/v2\/types\/post"}],"author":[{"embeddable":true,"href":"https:\/\/www.invarena.cz\/index.php?rest_route=\/wp\/v2\/users\/1"}],"replies":[{"embeddable":true,"href":"https:\/\/www.invarena.cz\/index.php?rest_route=%2Fwp%2Fv2%2Fcomments&post=31062"}],"version-history":[{"count":0,"href":"https:\/\/www.invarena.cz\/index.php?rest_route=\/wp\/v2\/posts\/31062\/revisions"}],"wp:featuredmedia":[{"embeddable":true,"href":"https:\/\/www.invarena.cz\/index.php?rest_route=\/wp\/v2\/media\/21447"}],"wp:attachment":[{"href":"https:\/\/www.invarena.cz\/index.php?rest_route=%2Fwp%2Fv2%2Fmedia&parent=31062"}],"wp:term":[{"taxonomy":"category","embeddable":true,"href":"https:\/\/www.invarena.cz\/index.php?rest_route=%2Fwp%2Fv2%2Fcategories&post=31062"},{"taxonomy":"post_tag","embeddable":true,"href":"https:\/\/www.invarena.cz\/index.php?rest_route=%2Fwp%2Fv2%2Ftags&post=31062"}],"curies":[{"name":"wp","href":"https:\/\/api.w.org\/{rel}","templated":true}]}}