{"id":31073,"date":"2018-11-19T12:47:14","date_gmt":"2018-11-19T11:47:14","guid":{"rendered":"http:\/\/www.invarena.cz\/?p=31073"},"modified":"2018-11-19T12:47:14","modified_gmt":"2018-11-19T11:47:14","slug":"ztrata-zraku-vede-k-socialni-izolovanosti","status":"publish","type":"post","link":"https:\/\/www.invarena.cz\/?p=31073","title":{"rendered":"Ztr\u00e1ta zraku vede k soci\u00e1ln\u00ed izolovanosti"},"content":{"rendered":"<p><strong>Prevence je v oftalmologii nezbytn\u00e1, \u0159\u00edk\u00e1 docent Petr Sou\u010dek, p\u0159edn\u00ed \u010desk\u00fd odborn\u00edk na onemocn\u011bn\u00ed o\u010dn\u00ed s\u00edtnice z Centra klinick\u00e9 oftalmologie v Praze 7. Ka\u017ed\u00fd z n\u00e1s by si m\u011bl ud\u011blat \u010das na pravideln\u00e9 kontroly, zejm\u00e9na z toho d\u016fvodu, \u017ee zanedb\u00e1n\u00ed n\u011bkter\u00fdch chorob tzv. makuly (\u017elut\u00e9 skvrny) m\u016f\u017ee b\u00fdt pozd\u011bji ne\u0159e\u0161iteln\u00e9. Pacient\u016fm bez dostate\u010dn\u00e9ho pov\u011bdom\u00ed tak hroz\u00ed v\u00e1\u017en\u00e9 po\u0161kozen\u00ed zraku, v krajn\u00edm p\u0159\u00edpad\u011b dokonce i jeho \u00fapln\u00e1 ztr\u00e1ta.<\/strong><!--more--><\/p>\n<p>Cel\u00fd \u010dl\u00e1nek naleznete na novinky.cz: <a href=\"https:\/\/www.novinky.cz\/zena\/zdravi\/489367-ztrata-zraku-vede-k-socialni-izolovanosti.html\" target=\"_blank\" rel=\"noopener noreferrer\">ZDE<\/a><\/p>\n","protected":false},"excerpt":{"rendered":"<div class=\"mh-excerpt\"><p>Prevence je v oftalmologii nezbytn\u00e1, \u0159\u00edk\u00e1 docent Petr Sou\u010dek, p\u0159edn\u00ed \u010desk\u00fd odborn\u00edk na onemocn\u011bn\u00ed o\u010dn\u00ed s\u00edtnice z Centra klinick\u00e9 oftalmologie v Praze 7. Ka\u017ed\u00fd z <a class=\"mh-excerpt-more\" href=\"https:\/\/www.invarena.cz\/?p=31073\" title=\"Ztr\u00e1ta zraku vede k soci\u00e1ln\u00ed izolovanosti\">[&#8230;]<\/a><\/p>\n<\/div>","protected":false},"author":1,"featured_media":14174,"comment_status":"open","ping_status":"closed","sticky":false,"template":"","format":"standard","meta":{"footnotes":""},"categories":[9],"tags":[],"class_list":["post-31073","post","type-post","status-publish","format-standard","has-post-thumbnail","hentry","category-zpravy"],"_links":{"self":[{"href":"https:\/\/www.invarena.cz\/index.php?rest_route=\/wp\/v2\/posts\/31073","targetHints":{"allow":["GET"]}}],"collection":[{"href":"https:\/\/www.invarena.cz\/index.php?rest_route=\/wp\/v2\/posts"}],"about":[{"href":"https:\/\/www.invarena.cz\/index.php?rest_route=\/wp\/v2\/types\/post"}],"author":[{"embeddable":true,"href":"https:\/\/www.invarena.cz\/index.php?rest_route=\/wp\/v2\/users\/1"}],"replies":[{"embeddable":true,"href":"https:\/\/www.invarena.cz\/index.php?rest_route=%2Fwp%2Fv2%2Fcomments&post=31073"}],"version-history":[{"count":0,"href":"https:\/\/www.invarena.cz\/index.php?rest_route=\/wp\/v2\/posts\/31073\/revisions"}],"wp:featuredmedia":[{"embeddable":true,"href":"https:\/\/www.invarena.cz\/index.php?rest_route=\/wp\/v2\/media\/14174"}],"wp:attachment":[{"href":"https:\/\/www.invarena.cz\/index.php?rest_route=%2Fwp%2Fv2%2Fmedia&parent=31073"}],"wp:term":[{"taxonomy":"category","embeddable":true,"href":"https:\/\/www.invarena.cz\/index.php?rest_route=%2Fwp%2Fv2%2Fcategories&post=31073"},{"taxonomy":"post_tag","embeddable":true,"href":"https:\/\/www.invarena.cz\/index.php?rest_route=%2Fwp%2Fv2%2Ftags&post=31073"}],"curies":[{"name":"wp","href":"https:\/\/api.w.org\/{rel}","templated":true}]}}