{"id":31205,"date":"2019-01-14T18:28:54","date_gmt":"2019-01-14T17:28:54","guid":{"rendered":"http:\/\/www.invarena.cz\/?p=31205"},"modified":"2019-01-14T18:28:54","modified_gmt":"2019-01-14T17:28:54","slug":"clovek-musi-budovat-vlastni-stesti-vysvetluje-sembera","status":"publish","type":"post","link":"https:\/\/www.invarena.cz\/?p=31205","title":{"rendered":"\u010clov\u011bk mus\u00ed budovat vlastn\u00ed \u0161t\u011bst\u00ed, vysv\u011btluje \u0160embera"},"content":{"rendered":"<p><strong>V devaten\u00e1cti st\u00e1l na prahu \u017eivota a smrti. Cht\u011bl se v\u0161\u00edm skoncovat. M\u011bl po krk toho, \u017ee m\u00edsto slibn\u00e9 kari\u00e9ry motocyklov\u00e9ho jezdce je p\u0159ipoutan\u00fd na voz\u00edk.<\/strong> <!--more--><\/p>\n<p>T\u0159i roky p\u0159edt\u00edm toti\u017e Luk\u00e1\u0161 \u0160embera p\u0159i exhibici na pitbic\u00edch narazil hlavou na obrubn\u00edk a rozdrtil si p\u00e1t\u00fd a \u0161est\u00fd hrudn\u00ed obratel. N\u00e1sledky byly fat\u00e1ln\u00ed \u2013 ochrnul na spodn\u00ed \u010d\u00e1st t\u011bla.<\/p>\n<p>Sebevra\u017edu mlad\u00fd Br\u0148an d\u00edky v\u010dasn\u00e9mu z\u00e1sahu p\u0159e\u017eil a dnes je se sv\u00fdm osudem vyrovnan\u00fd. &#8222;D\u00e1 se \u0159\u00edct, \u017ee u\u017e to m\u00e1m v hlav\u011b srovn\u00e1no a nevrac\u00edm se k tomu. \u010clov\u011bk m\u00e1 pro\u010d \u017e\u00edt. V\u0161echno, co chci, m\u016f\u017eu d\u011blat i s hendikepem. Jen v sob\u011b mus\u00edm naj\u00edt energii budovat vlastn\u00ed \u0161t\u011bst\u00ed,&#8220; vypr\u00e1v\u00ed ji\u017e s nadhledem \u0160embera.<\/p>\n<p>B\u00fdval\u00fd \u010desk\u00fd reprezentant v \u0161ampion\u00e1tu silni\u010dn\u00edch motocykl\u016f ve t\u0159\u00edd\u011b do 125 centimetr\u016f vyr\u016fstal nap\u0159\u00edklad s Jakubem Kornfeilem. &#8222;Moj\u00ed energi\u00ed je sport. \u0160t\u011bst\u00ed si vytv\u00e1\u0159\u00edm i t\u00edm, \u017ee n\u011bco d\u011bl\u00e1m. \u010clov\u011bk m\u016f\u017ee m\u00edt \u0161patnou n\u00e1ladu, to je norm\u00e1ln\u00ed, ale d\u00edky tr\u00e9ninku jsem spokojen\u00fd. Nejl\u00edp tak ode\u017eenu depresi,&#8220; m\u00edn\u00ed \u0161estadvacetilet\u00fd sportovec, jen\u017e se p\u0159ed \u010dty\u0159mi lety o\u017eenil.<\/p>\n<p>SEN O PARALYMPI\u00c1D\u011a<\/p>\n<p>Moment\u00e1ln\u011b jej napl\u0148uje para-badminton. V\u011bnuje se mu p\u0159es rok a na p\u0159elomu \u0159\u00edjna a listopadu se dokonce z\u00fa\u010dastnil mistrovstv\u00ed Evropy ve francouzsk\u00e9m Rodez.<\/p>\n<p>&#8222;Chytil m\u011b, kdy\u017e jsme chod\u00edvali s man\u017eelkou. Potom jsem se potkal s tren\u00e9rem Tom\u00e1\u0161em Vovsem a za\u010dal jsem ho d\u011blat naplno,&#8220; popisuje svou cestu na kurty.<\/p>\n<p>P\u016fvodn\u011b si kladl za c\u00edl dostat se na paralympi\u00e1du do Tokia, po setk\u00e1n\u00ed s konkurenc\u00ed upravil pl\u00e1ny. &#8222;Pochopil jsem, jak je to t\u011b\u017ek\u00e9. Tomuto sportu se hr\u00e1\u010di v\u011bnuj\u00ed t\u0159eba od \u0161estn\u00e1cti let a za tu dobu jsou na jin\u00e9 \u00farovni. Nav\u00edc mus\u00edte obj\u00ed\u017ed\u011bt hodn\u011b mezin\u00e1rodn\u00edch turnaj\u016f, na co\u017e pot\u0159ebuje dost pen\u011bz,&#8220; vysv\u011btluje \u0160embera. &#8222;Po\u0159\u00e1d na n\u011bkterou paralympi\u00e1du chci, ale kdy\u017e se to nepoda\u0159\u00ed, nic se ned\u011bje.&#8220;<\/p>\n<p>Na evropsk\u00e9m \u0161ampion\u00e1tu v\u00fdsledkov\u011b nez\u00e1\u0159il, nevyhr\u00e1l ani z\u00e1pas, p\u0159esto se oproti prvn\u00edmu mezin\u00e1rodn\u00edmu m\u011b\u0159en\u00ed sil op\u011bt p\u0159ibl\u00ed\u017eil konkurent\u016fm. &#8222;Pot\u011b\u0161ilo m\u011b, \u017ee se soupe\u0159i u\u017e dok\u00e1\u017eu hr\u00e1t vyrovnan\u011bji n\u011b\u017e na prvn\u00edm turnaji na Mallorce,&#8220; uv\u00e1d\u00ed aktu\u00e1ln\u00ed jedni\u010dka \u010desk\u00e9ho para-badmintonu.<\/p>\n<p>ZP\u011aT NA MOTORKU<\/p>\n<p>Loni v kv\u011btnu tak\u00e9 poprv\u00e9 od fat\u00e1ln\u00ed nehody usedl na motorku. P\u0159esn\u011bji: do speci\u00e1ln\u011b upraven\u00e9ho stroje pro voz\u00ed\u010dk\u00e1\u0159e.<\/p>\n<p>&#8222;Byl jsem stra\u0161n\u011b \u0161\u0165astn\u00fd. Za\u017e\u00edval jsem hodn\u011b p\u0159\u00edjemn\u00e9 pocity, kter\u00e9 m\u011b nabily,&#8220; l\u00ed\u010d\u00ed \u0160embera.<\/p>\n<p>Zat\u00edm si zajezdil pouze jednou, ale v tomto roce hodl\u00e1 na \u0161ampion\u00e1tu hendikepovan\u00fdch z\u00e1vodit. &#8222;Z\u00e1le\u017e\u00ed, jak se n\u00e1m poda\u0159\u00ed dohodnout. R\u00e1d bych se p\u0159edstavil t\u0159eba p\u0159i mezin\u00e1rodn\u00edm mistrovstv\u00ed,&#8220; dod\u00e1v\u00e1 \u0160embera.<\/p>\n<p>I d\u00edky tomu m\u016f\u017ee b\u00fdt \u0161\u0165astn\u00fd.<\/p>\n<p>V\u00c1CLAV PETR\u016e<br \/>\nPra\u017esk\u00fd den\u00edk<br \/>\n<a href=\"http:\/\/www.prazsky.denik.cz\/\" target=\"_blank\" rel=\"noopener noreferrer\">http:\/\/www.prazsky.denik.cz\/<\/a><\/p>\n","protected":false},"excerpt":{"rendered":"<div class=\"mh-excerpt\"><p>V devaten\u00e1cti st\u00e1l na prahu \u017eivota a smrti. Cht\u011bl se v\u0161\u00edm skoncovat. M\u011bl po krk toho, \u017ee m\u00edsto slibn\u00e9 kari\u00e9ry motocyklov\u00e9ho jezdce je p\u0159ipoutan\u00fd na <a class=\"mh-excerpt-more\" href=\"https:\/\/www.invarena.cz\/?p=31205\" title=\"\u010clov\u011bk mus\u00ed budovat vlastn\u00ed \u0161t\u011bst\u00ed, vysv\u011btluje \u0160embera\">[&#8230;]<\/a><\/p>\n<\/div>","protected":false},"author":1,"featured_media":0,"comment_status":"open","ping_status":"closed","sticky":false,"template":"","format":"standard","meta":{"footnotes":""},"categories":[9],"tags":[],"class_list":["post-31205","post","type-post","status-publish","format-standard","hentry","category-zpravy"],"_links":{"self":[{"href":"https:\/\/www.invarena.cz\/index.php?rest_route=\/wp\/v2\/posts\/31205","targetHints":{"allow":["GET"]}}],"collection":[{"href":"https:\/\/www.invarena.cz\/index.php?rest_route=\/wp\/v2\/posts"}],"about":[{"href":"https:\/\/www.invarena.cz\/index.php?rest_route=\/wp\/v2\/types\/post"}],"author":[{"embeddable":true,"href":"https:\/\/www.invarena.cz\/index.php?rest_route=\/wp\/v2\/users\/1"}],"replies":[{"embeddable":true,"href":"https:\/\/www.invarena.cz\/index.php?rest_route=%2Fwp%2Fv2%2Fcomments&post=31205"}],"version-history":[{"count":0,"href":"https:\/\/www.invarena.cz\/index.php?rest_route=\/wp\/v2\/posts\/31205\/revisions"}],"wp:attachment":[{"href":"https:\/\/www.invarena.cz\/index.php?rest_route=%2Fwp%2Fv2%2Fmedia&parent=31205"}],"wp:term":[{"taxonomy":"category","embeddable":true,"href":"https:\/\/www.invarena.cz\/index.php?rest_route=%2Fwp%2Fv2%2Fcategories&post=31205"},{"taxonomy":"post_tag","embeddable":true,"href":"https:\/\/www.invarena.cz\/index.php?rest_route=%2Fwp%2Fv2%2Ftags&post=31205"}],"curies":[{"name":"wp","href":"https:\/\/api.w.org\/{rel}","templated":true}]}}