{"id":31220,"date":"2019-01-18T14:28:41","date_gmt":"2019-01-18T13:28:41","guid":{"rendered":"http:\/\/www.invarena.cz\/?p=31220"},"modified":"2019-01-18T14:28:41","modified_gmt":"2019-01-18T13:28:41","slug":"na-hejtmanstvi-mohou-nyni-volat-i-neslysici","status":"publish","type":"post","link":"https:\/\/www.invarena.cz\/?p=31220","title":{"rendered":"Na hejtmanstv\u00ed mohou nyn\u00ed volat i nesly\u0161\u00edc\u00ed"},"content":{"rendered":"<p><strong>Zavolat na krajsk\u00fd \u00fa\u0159ad mohou nov\u011b i lid\u00e9, kte\u0159\u00ed nesly\u0161\u00ed. A\u0165 u\u017e v\u016fbec, nebo jen velmi \u0161patn\u011b. Ve st\u0159edu o tom informovala Helena Frintov\u00e1 ze sekretari\u00e1tu hejtmanky. Plnohodnotnou domluvu zprost\u0159edkuje lidem komunikuj\u00edc\u00edm v \u010de\u0161tin\u011b simult\u00e1nn\u00ed p\u0159epis \u0159e\u010di volan\u00e9ho.<\/strong> <!--more--><\/p>\n<p>St\u0159edn\u00ed \u010cechy \u2013 V r\u00e1mci pilotn\u00edho projetu je v pracovn\u00edch dnech mezi dev\u00e1tou dopoledn\u00ed a \u0161estou ve\u010der dostupn\u00fd prost\u0159ednictv\u00edm webu St\u0159edo\u010desk\u00e9ho kraje (a pom\u016f\u017ee i p\u0159\u00edm\u00fd proklik z \u00favodn\u00ed str\u00e1nky webu krajsk\u00e9ho \u00fa\u0159adu zn\u00e1zorn\u011bn\u00fd modro-b\u00edl\u00fdm piktogramem se symbolem sluch\u00e1tka a textu). U\u017eivatel jednodu\u0161e vypln\u00ed sv\u00e9 telefonn\u00ed \u010d\u00edslo a syst\u00e9m se u\u017e automaticky postar\u00e1 o v\u0161e ostatn\u00ed. S\u00e1m mu okam\u017eit\u011b zavol\u00e1 \u2013 a oper\u00e1tor infolinky pak z\u00e1jemce p\u0159epoj\u00ed na konkr\u00e9tn\u00edho pracovn\u00edka \u00fa\u0159adu.<\/p>\n<p>POMOC I PRO CIZINCE<\/p>\n<p>Podle p\u0159edpoklad\u016f m\u016f\u017ee nov\u00e1 slu\u017eba poslou\u017eit r\u016fzn\u00fdm volaj\u00edc\u00edm, kte\u0159\u00ed sami hovo\u0159\u00ed, ale nemaj\u00ed mo\u017enost sly\u0161et odpov\u011bdi: lidem, kte\u0159\u00ed ztratili sluch v d\u016fsledku nemoci, p\u0159i\u0161li o n\u011bj po \u00farazu, ale i senior\u016fm, jejich\u017e sluchov\u00e9 schopnosti se zhor\u0161ily s v\u011bkem. &#8222;M\u016f\u017ee b\u00fdt cennou podporou tak\u00e9 pro cizince, kte\u0159\u00ed p\u0159i osobn\u00edm kontaktu bez probl\u00e9m\u016f komunikuj\u00ed v \u010de\u0161tin\u011b, ale p\u0159i telefonov\u00e1n\u00ed obt\u00ed\u017en\u011b rozum\u011bj\u00ed \u0159e\u010di volan\u00e9ho,&#8220; \u0159ekla Frintov\u00e1. V\u0161em pom\u016f\u017ee p\u00edsemn\u00e1 forma zprost\u0159edkov\u00e1van\u00e1 on-line, v re\u00e1ln\u00e9m \u010dase a doslovn\u011b.<\/p>\n<p>MILAN HOLAKOVSK\u00dd<br \/>\nBerounsk\u00fd den\u00edk<br \/>\n<a href=\"http:\/\/www.berounsky.denik.cz\/\" target=\"_blank\" rel=\"noopener noreferrer\">http:\/\/www.berounsky.denik.cz\/<\/a><\/p>\n","protected":false},"excerpt":{"rendered":"<div class=\"mh-excerpt\"><p>Zavolat na krajsk\u00fd \u00fa\u0159ad mohou nov\u011b i lid\u00e9, kte\u0159\u00ed nesly\u0161\u00ed. A\u0165 u\u017e v\u016fbec, nebo jen velmi \u0161patn\u011b. Ve st\u0159edu o tom informovala Helena Frintov\u00e1 ze <a class=\"mh-excerpt-more\" href=\"https:\/\/www.invarena.cz\/?p=31220\" title=\"Na hejtmanstv\u00ed mohou nyn\u00ed volat i nesly\u0161\u00edc\u00ed\">[&#8230;]<\/a><\/p>\n<\/div>","protected":false},"author":1,"featured_media":0,"comment_status":"open","ping_status":"closed","sticky":false,"template":"","format":"standard","meta":{"footnotes":""},"categories":[9],"tags":[],"class_list":["post-31220","post","type-post","status-publish","format-standard","hentry","category-zpravy"],"_links":{"self":[{"href":"https:\/\/www.invarena.cz\/index.php?rest_route=\/wp\/v2\/posts\/31220","targetHints":{"allow":["GET"]}}],"collection":[{"href":"https:\/\/www.invarena.cz\/index.php?rest_route=\/wp\/v2\/posts"}],"about":[{"href":"https:\/\/www.invarena.cz\/index.php?rest_route=\/wp\/v2\/types\/post"}],"author":[{"embeddable":true,"href":"https:\/\/www.invarena.cz\/index.php?rest_route=\/wp\/v2\/users\/1"}],"replies":[{"embeddable":true,"href":"https:\/\/www.invarena.cz\/index.php?rest_route=%2Fwp%2Fv2%2Fcomments&post=31220"}],"version-history":[{"count":0,"href":"https:\/\/www.invarena.cz\/index.php?rest_route=\/wp\/v2\/posts\/31220\/revisions"}],"wp:attachment":[{"href":"https:\/\/www.invarena.cz\/index.php?rest_route=%2Fwp%2Fv2%2Fmedia&parent=31220"}],"wp:term":[{"taxonomy":"category","embeddable":true,"href":"https:\/\/www.invarena.cz\/index.php?rest_route=%2Fwp%2Fv2%2Fcategories&post=31220"},{"taxonomy":"post_tag","embeddable":true,"href":"https:\/\/www.invarena.cz\/index.php?rest_route=%2Fwp%2Fv2%2Ftags&post=31220"}],"curies":[{"name":"wp","href":"https:\/\/api.w.org\/{rel}","templated":true}]}}