{"id":31289,"date":"2019-02-21T11:32:23","date_gmt":"2019-02-21T10:32:23","guid":{"rendered":"http:\/\/www.invarena.cz\/?p=31289"},"modified":"2019-02-21T11:32:23","modified_gmt":"2019-02-21T10:32:23","slug":"misto-ustavu-chranene-bydleni-postizeni-maji-nadeji","status":"publish","type":"post","link":"https:\/\/www.invarena.cz\/?p=31289","title":{"rendered":"M\u00edsto \u00fastavu chr\u00e1n\u011bn\u00e9 bydlen\u00ed? Posti\u017een\u00ed maj\u00ed nad\u011bji"},"content":{"rendered":"<p><strong>Ano, pak ne. A nyn\u00ed? Souhlas\u00edme. Radn\u00ed Svit\u00e1vky vzali v pond\u011bl\u00ed zp\u011bt sv\u00e9 ned\u00e1vn\u00e9 nesouhlasn\u00e9 stanovisko k v\u00fdstavb\u011b chr\u00e1n\u011bn\u00e9ho bydlen\u00ed. Ve zhruba dvoutis\u00edcov\u00e9 obci na Blanensku p\u0159ipravuje kraj projekt u\u017e n\u011bkolik let. P\u016fvodn\u00ed dokumentace byla podle Svit\u00e1veck\u00fdch v rozporu s vypracovanou studi\u00ed rozvoje m\u011bstyse.<\/strong><!--more--><\/p>\n<p>Cel\u00fd \u010dl\u00e1nek naleznete ve Vy\u0161kovsk\u00e9m den\u00edku: <a href=\"https:\/\/vyskovsky.denik.cz\/z-regionu\/misto-ustavu-chranene-bydleni-postizeni-maji-nadeji-20190220.html\" target=\"_blank\" rel=\"noopener noreferrer\">ZDE<\/a><\/p>\n","protected":false},"excerpt":{"rendered":"<div class=\"mh-excerpt\"><p>Ano, pak ne. A nyn\u00ed? Souhlas\u00edme. Radn\u00ed Svit\u00e1vky vzali v pond\u011bl\u00ed zp\u011bt sv\u00e9 ned\u00e1vn\u00e9 nesouhlasn\u00e9 stanovisko k v\u00fdstavb\u011b chr\u00e1n\u011bn\u00e9ho bydlen\u00ed. Ve zhruba dvoutis\u00edcov\u00e9 obci na <a class=\"mh-excerpt-more\" href=\"https:\/\/www.invarena.cz\/?p=31289\" title=\"M\u00edsto \u00fastavu chr\u00e1n\u011bn\u00e9 bydlen\u00ed? Posti\u017een\u00ed maj\u00ed nad\u011bji\">[&#8230;]<\/a><\/p>\n<\/div>","protected":false},"author":1,"featured_media":0,"comment_status":"open","ping_status":"closed","sticky":false,"template":"","format":"standard","meta":{"footnotes":""},"categories":[9],"tags":[],"class_list":["post-31289","post","type-post","status-publish","format-standard","hentry","category-zpravy"],"_links":{"self":[{"href":"https:\/\/www.invarena.cz\/index.php?rest_route=\/wp\/v2\/posts\/31289","targetHints":{"allow":["GET"]}}],"collection":[{"href":"https:\/\/www.invarena.cz\/index.php?rest_route=\/wp\/v2\/posts"}],"about":[{"href":"https:\/\/www.invarena.cz\/index.php?rest_route=\/wp\/v2\/types\/post"}],"author":[{"embeddable":true,"href":"https:\/\/www.invarena.cz\/index.php?rest_route=\/wp\/v2\/users\/1"}],"replies":[{"embeddable":true,"href":"https:\/\/www.invarena.cz\/index.php?rest_route=%2Fwp%2Fv2%2Fcomments&post=31289"}],"version-history":[{"count":0,"href":"https:\/\/www.invarena.cz\/index.php?rest_route=\/wp\/v2\/posts\/31289\/revisions"}],"wp:attachment":[{"href":"https:\/\/www.invarena.cz\/index.php?rest_route=%2Fwp%2Fv2%2Fmedia&parent=31289"}],"wp:term":[{"taxonomy":"category","embeddable":true,"href":"https:\/\/www.invarena.cz\/index.php?rest_route=%2Fwp%2Fv2%2Fcategories&post=31289"},{"taxonomy":"post_tag","embeddable":true,"href":"https:\/\/www.invarena.cz\/index.php?rest_route=%2Fwp%2Fv2%2Ftags&post=31289"}],"curies":[{"name":"wp","href":"https:\/\/api.w.org\/{rel}","templated":true}]}}