{"id":31333,"date":"2019-03-05T09:34:55","date_gmt":"2019-03-05T08:34:55","guid":{"rendered":"http:\/\/www.invarena.cz\/?p=31333"},"modified":"2019-03-05T09:34:55","modified_gmt":"2019-03-05T08:34:55","slug":"zdravi-i-nemocni-si-spolecne-zacvicili-na-sobotnim-maratonu-v-plzni","status":"publish","type":"post","link":"https:\/\/www.invarena.cz\/?p=31333","title":{"rendered":"Zdrav\u00ed i nemocn\u00ed si spole\u010dn\u011b zacvi\u010dili na sobotn\u00edm maratonu v Plzni"},"content":{"rendered":"<p><strong>P\u0159es 50 lid\u00ed z Plzn\u011b a okol\u00ed p\u0159i\u0161lo v sobotu podpo\u0159it pacienty s roztrou\u0161enou skler\u00f3zou (RS). Nejmlad\u0161\u00edmu \u00fa\u010dastn\u00edkovi cvi\u010debn\u00edho maratonu byly necel\u00e9 t\u0159i roky, nejstar\u0161\u00edmu devades\u00e1t. Akci po\u0159\u00e1dal Nada\u010dn\u00ed fond Impuls ve spolupr\u00e1ci s region\u00e1ln\u00edmi spolky Unie Roska. Cvi\u010debn\u00ed maraton v Kra\u0161ovsk\u00e1 aktivity centru v Plzni trval od 10 do 16 hodin.<\/strong><!--more--><\/p>\n<p>Plze\u0148 \u2013 &#8222;C\u00edlem akce je zv\u00fd\u0161it pov\u011bdom\u00ed o t\u00e9to nemoci,&#8220; \u0159ekl organiz\u00e1tor a p\u0159edseda Unie Roska Petr \u0160indel\u00e1\u0159.<\/p>\n<p>Na cel\u00e9m sv\u011bt\u011b trp\u00ed roztrou\u0161enou skler\u00f3zou 2,5 milionu lid\u00ed, v \u010cesku se odhaduje po\u010det pacient\u016f na 20 tis\u00edc. V Plze\u0148sk\u00e9m kraji jich je evidov\u00e1no 718.<\/p>\n<p>NEJDE O OPILOST<\/p>\n<p>&#8222;Pro roztrou\u0161enou skler\u00f3zu je typick\u00e9 st\u0159\u00edd\u00e1n\u00ed obdob\u00ed z\u00e1chvat\u016f a zd\u00e1nliv\u00e9ho klidu. Tento proces je nep\u0159edv\u00eddateln\u00fd, a proto i l\u00e9\u010dba \u010di prevence je t\u011b\u017ek\u00e1. Nemoc postihuje \u010dasto \u017eeny a mnohdy se projev\u00ed po porodu nebo p\u0159i nadm\u011brn\u00e9m stresu a z\u00e1t\u011b\u017ei. Bohu\u017eel p\u0159\u00edznaky se projevuj\u00ed nap\u0159\u00edklad nekoordinovan\u00fdmi pohyby a lid\u00e9 si \u010dasto mysl\u00ed, \u017ee je \u010dlov\u011bk opil\u00fd a ne nemocn\u00fd,&#8220; p\u0159ibl\u00ed\u017eil problematiku \u0160indel\u00e1\u0159. \u017divot pacient\u016fm podle \u0160indel\u00e1\u0159e nav\u00edc komplikuje aktu\u00e1ln\u00ed nedostatek kapek Vigantol na \u010desk\u00e9m trhu.<\/p>\n<p>P\u0159i sobotn\u00ed akci bylo na dobrovoln\u00fdch p\u0159\u00edsp\u011bvc\u00edch vybr\u00e1no 4470 korun, kter\u00e9 poputuj\u00ed na fyzioterapii a n\u00e1kup takov\u00fdch rehabilita\u010dn\u00edch pom\u016fcek, kter\u00e9 nemocn\u00fdm nehrad\u00ed zdravotn\u00ed poji\u0161\u0165ovna.<\/p>\n<p>&#8222;Pravideln\u00fd pohyb je toti\u017e velmi d\u016fle\u017eitou sou\u010d\u00e1st\u00ed l\u00e9\u010debn\u00e9ho re\u017eimu, proto\u017ee zm\u00edr\u0148uje p\u0159\u00edznaky nemoci,&#8220; vysv\u011btlila fyzioterapeutka Kl\u00e1ra Novotn\u00e1.<\/p>\n<p>Z\u016eSTAT AKTIVN\u00cd<\/p>\n<p>Cvi\u010ditelky a studentky fyzioterapie ze Z\u00e1pado\u010desk\u00e9 univerzity v Plzni p\u0159edcvi\u010dovaly kruhov\u00fd tr\u00e9nink nebo relaxa\u010dn\u00ed cvi\u010den\u00ed. Ergoterapeutky zase s pacienty procvi\u010dovaly jemnou motoriku a cvi\u010den\u00ed pam\u011bti.<\/p>\n<p>Akci si pochvalovali i pacienti. &#8222;Po t\u0159et\u00edm porodu jsem za\u010dala bezd\u016fvodn\u011b padat a m\u00edt nekoordinovan\u00e9 pohyby. L\u00e9ka\u0159i mi diagnostikovali roztrou\u0161enou skl\u00e9rozu ve t\u0159iceti letech. Letos mi bude \u0161edes\u00e1t let a na voz\u00ed\u010dku jsem n\u011bjak\u00fdch sedm let,&#8220; prozradila pan\u00ed Anna Stejskalov\u00e1 z Plzn\u011b, kter\u00e1 je p\u0159edsedkyn\u00ed sdru\u017een\u00ed Voz\u00ed\u010dk\u00e1\u0159\u016f Plze\u0148ska. &#8222;Je stra\u0161n\u011b d\u016fle\u017eit\u00e9, aby \u010dlov\u011bk cvi\u010dil, a pokud to jde, tak byl st\u00e1le aktivn\u00ed a zam\u011bstn\u00e1val se i jinak,&#8220; rad\u00ed Stejskalov\u00e1. Do cvi\u010debn\u00edho maratonu se skler\u00f3zou se letos zapojilo celkem 29 m\u011bst z cel\u00e9 \u010cesk\u00e9 republiky, Slovenska a zahrani\u010d\u00ed.<\/p>\n<p>\u00da\u010dastn\u00edci se vz\u00e1jemn\u011b propojovali telemostem.<\/p>\n<p>KRIST\u00ddNA \u017d\u00cdTKOV\u00c1<br \/>\nPlze\u0148sk\u00fd den\u00edk<br \/>\n<a href=\"http:\/\/plzensky.denik.cz\/\" target=\"_blank\" rel=\"noopener noreferrer\">http:\/\/plzensky.denik.cz\/<\/a><\/p>\n","protected":false},"excerpt":{"rendered":"<div class=\"mh-excerpt\"><p>P\u0159es 50 lid\u00ed z Plzn\u011b a okol\u00ed p\u0159i\u0161lo v sobotu podpo\u0159it pacienty s roztrou\u0161enou skler\u00f3zou (RS). Nejmlad\u0161\u00edmu \u00fa\u010dastn\u00edkovi cvi\u010debn\u00edho maratonu byly necel\u00e9 t\u0159i roky, nejstar\u0161\u00edmu <a class=\"mh-excerpt-more\" href=\"https:\/\/www.invarena.cz\/?p=31333\" title=\"Zdrav\u00ed i nemocn\u00ed si spole\u010dn\u011b zacvi\u010dili na sobotn\u00edm maratonu v Plzni\">[&#8230;]<\/a><\/p>\n<\/div>","protected":false},"author":1,"featured_media":20285,"comment_status":"open","ping_status":"closed","sticky":false,"template":"","format":"standard","meta":{"footnotes":""},"categories":[9],"tags":[],"class_list":["post-31333","post","type-post","status-publish","format-standard","has-post-thumbnail","hentry","category-zpravy"],"_links":{"self":[{"href":"https:\/\/www.invarena.cz\/index.php?rest_route=\/wp\/v2\/posts\/31333","targetHints":{"allow":["GET"]}}],"collection":[{"href":"https:\/\/www.invarena.cz\/index.php?rest_route=\/wp\/v2\/posts"}],"about":[{"href":"https:\/\/www.invarena.cz\/index.php?rest_route=\/wp\/v2\/types\/post"}],"author":[{"embeddable":true,"href":"https:\/\/www.invarena.cz\/index.php?rest_route=\/wp\/v2\/users\/1"}],"replies":[{"embeddable":true,"href":"https:\/\/www.invarena.cz\/index.php?rest_route=%2Fwp%2Fv2%2Fcomments&post=31333"}],"version-history":[{"count":0,"href":"https:\/\/www.invarena.cz\/index.php?rest_route=\/wp\/v2\/posts\/31333\/revisions"}],"wp:featuredmedia":[{"embeddable":true,"href":"https:\/\/www.invarena.cz\/index.php?rest_route=\/wp\/v2\/media\/20285"}],"wp:attachment":[{"href":"https:\/\/www.invarena.cz\/index.php?rest_route=%2Fwp%2Fv2%2Fmedia&parent=31333"}],"wp:term":[{"taxonomy":"category","embeddable":true,"href":"https:\/\/www.invarena.cz\/index.php?rest_route=%2Fwp%2Fv2%2Fcategories&post=31333"},{"taxonomy":"post_tag","embeddable":true,"href":"https:\/\/www.invarena.cz\/index.php?rest_route=%2Fwp%2Fv2%2Ftags&post=31333"}],"curies":[{"name":"wp","href":"https:\/\/api.w.org\/{rel}","templated":true}]}}