{"id":31347,"date":"2019-03-08T13:37:02","date_gmt":"2019-03-08T12:37:02","guid":{"rendered":"http:\/\/www.invarena.cz\/?p=31347"},"modified":"2019-03-08T13:37:02","modified_gmt":"2019-03-08T12:37:02","slug":"nemocnym-detem-i-socialne-slabym-rodinam-pomuze-v-olomouckem-kraji-novy-spolek-korunka-velke-losiny","status":"publish","type":"post","link":"https:\/\/www.invarena.cz\/?p=31347","title":{"rendered":"Nemocn\u00fdm d\u011btem i soci\u00e1ln\u011b slab\u00fdm rodin\u00e1m pom\u016f\u017ee v Olomouck\u00e9m kraji nov\u00fd spolek Korunka Velk\u00e9 Losiny"},"content":{"rendered":"<p><strong>Na po\u010d\u00e1tku leto\u0161n\u00edho roku vznikl v Olomouck\u00e9m kraji nov\u00fd charitativn\u00ed projekt KORUNKA VELK\u00c9 LOSINY. Jedn\u00e1 se o zapsan\u00fd spolek, kter\u00fd si klade za c\u00edl podporovat nemocn\u00e9, hendikepovan\u00e9 a opu\u0161t\u011bn\u00e9 d\u011bti, \u010di soci\u00e1ln\u011b slab\u00e9 rodiny v Olomouck\u00e9m kraji.<\/strong><!--more--><\/p>\n<p>Cel\u00fd \u010dl\u00e1nek naleznete na novinky.cz: <a href=\"https:\/\/www.novinky.cz\/vase-zpravy\/olomoucky-kraj\/sumperk\/2519-54727-nemocnym-detem-i-socialne-slabym-rodinam-pomuze-v-olomouckem-kraji-novy-spolek-korunka-velke-losiny.html\" target=\"_blank\" rel=\"noopener noreferrer\">ZDE<\/a><\/p>\n","protected":false},"excerpt":{"rendered":"<div class=\"mh-excerpt\"><p>Na po\u010d\u00e1tku leto\u0161n\u00edho roku vznikl v Olomouck\u00e9m kraji nov\u00fd charitativn\u00ed projekt KORUNKA VELK\u00c9 LOSINY. Jedn\u00e1 se o zapsan\u00fd spolek, kter\u00fd si klade za c\u00edl podporovat <a class=\"mh-excerpt-more\" href=\"https:\/\/www.invarena.cz\/?p=31347\" title=\"Nemocn\u00fdm d\u011btem i soci\u00e1ln\u011b slab\u00fdm rodin\u00e1m pom\u016f\u017ee v Olomouck\u00e9m kraji nov\u00fd spolek Korunka Velk\u00e9 Losiny\">[&#8230;]<\/a><\/p>\n<\/div>","protected":false},"author":1,"featured_media":0,"comment_status":"open","ping_status":"closed","sticky":false,"template":"","format":"standard","meta":{"footnotes":""},"categories":[9],"tags":[],"class_list":["post-31347","post","type-post","status-publish","format-standard","hentry","category-zpravy"],"_links":{"self":[{"href":"https:\/\/www.invarena.cz\/index.php?rest_route=\/wp\/v2\/posts\/31347","targetHints":{"allow":["GET"]}}],"collection":[{"href":"https:\/\/www.invarena.cz\/index.php?rest_route=\/wp\/v2\/posts"}],"about":[{"href":"https:\/\/www.invarena.cz\/index.php?rest_route=\/wp\/v2\/types\/post"}],"author":[{"embeddable":true,"href":"https:\/\/www.invarena.cz\/index.php?rest_route=\/wp\/v2\/users\/1"}],"replies":[{"embeddable":true,"href":"https:\/\/www.invarena.cz\/index.php?rest_route=%2Fwp%2Fv2%2Fcomments&post=31347"}],"version-history":[{"count":0,"href":"https:\/\/www.invarena.cz\/index.php?rest_route=\/wp\/v2\/posts\/31347\/revisions"}],"wp:attachment":[{"href":"https:\/\/www.invarena.cz\/index.php?rest_route=%2Fwp%2Fv2%2Fmedia&parent=31347"}],"wp:term":[{"taxonomy":"category","embeddable":true,"href":"https:\/\/www.invarena.cz\/index.php?rest_route=%2Fwp%2Fv2%2Fcategories&post=31347"},{"taxonomy":"post_tag","embeddable":true,"href":"https:\/\/www.invarena.cz\/index.php?rest_route=%2Fwp%2Fv2%2Ftags&post=31347"}],"curies":[{"name":"wp","href":"https:\/\/api.w.org\/{rel}","templated":true}]}}