{"id":31362,"date":"2019-03-13T18:11:16","date_gmt":"2019-03-13T17:11:16","guid":{"rendered":"http:\/\/www.invarena.cz\/?p=31362"},"modified":"2019-03-13T18:11:16","modified_gmt":"2019-03-13T17:11:16","slug":"chranene-bydleni-ve-svitavce-kraj-vybere-jinou-lokalitu","status":"publish","type":"post","link":"https:\/\/www.invarena.cz\/?p=31362","title":{"rendered":"Chr\u00e1n\u011bn\u00e9 bydlen\u00ed ve Svit\u00e1vce? Kraj vybere jinou lokalitu"},"content":{"rendered":"<p><strong>Stavba dvou dom\u016f pro posti\u017een\u00e9. Chr\u00e1n\u011bn\u00e9 bydlen\u00ed v re\u017eii Jihomoravsk\u00e9ho kraje spustilo ve Svit\u00e1vce mezi m\u00edstn\u00edmi velkou vlnu nevole. Krajsk\u00e1 rada v pond\u011bl\u00ed rozhodla, \u017ee tento projekt kon\u010d\u00ed. Podle n\u00e1m\u011bstka jihomoravsk\u00e9ho hejtmana Marka \u0160lapala budou \u00fa\u0159edn\u00edci hledat jinou lokalitu.<\/strong><!--more--><\/p>\n<p>Cel\u00fd \u010dl\u00e1nek naleznete v Blanensk\u00e9m den\u00edku: <a href=\"https:\/\/blanensky.denik.cz\/zpravy_region\/chranene-bydleni-ve-svitavce-kraj-vybere-jinou-lokalitu-20190311.html\" target=\"_blank\" rel=\"noopener noreferrer\">ZDE<\/a><\/p>\n","protected":false},"excerpt":{"rendered":"<div class=\"mh-excerpt\"><p>Stavba dvou dom\u016f pro posti\u017een\u00e9. Chr\u00e1n\u011bn\u00e9 bydlen\u00ed v re\u017eii Jihomoravsk\u00e9ho kraje spustilo ve Svit\u00e1vce mezi m\u00edstn\u00edmi velkou vlnu nevole. Krajsk\u00e1 rada v pond\u011bl\u00ed rozhodla, \u017ee <a class=\"mh-excerpt-more\" href=\"https:\/\/www.invarena.cz\/?p=31362\" title=\"Chr\u00e1n\u011bn\u00e9 bydlen\u00ed ve Svit\u00e1vce? Kraj vybere jinou lokalitu\">[&#8230;]<\/a><\/p>\n<\/div>","protected":false},"author":1,"featured_media":0,"comment_status":"open","ping_status":"closed","sticky":false,"template":"","format":"standard","meta":{"footnotes":""},"categories":[9],"tags":[],"class_list":["post-31362","post","type-post","status-publish","format-standard","hentry","category-zpravy"],"_links":{"self":[{"href":"https:\/\/www.invarena.cz\/index.php?rest_route=\/wp\/v2\/posts\/31362","targetHints":{"allow":["GET"]}}],"collection":[{"href":"https:\/\/www.invarena.cz\/index.php?rest_route=\/wp\/v2\/posts"}],"about":[{"href":"https:\/\/www.invarena.cz\/index.php?rest_route=\/wp\/v2\/types\/post"}],"author":[{"embeddable":true,"href":"https:\/\/www.invarena.cz\/index.php?rest_route=\/wp\/v2\/users\/1"}],"replies":[{"embeddable":true,"href":"https:\/\/www.invarena.cz\/index.php?rest_route=%2Fwp%2Fv2%2Fcomments&post=31362"}],"version-history":[{"count":0,"href":"https:\/\/www.invarena.cz\/index.php?rest_route=\/wp\/v2\/posts\/31362\/revisions"}],"wp:attachment":[{"href":"https:\/\/www.invarena.cz\/index.php?rest_route=%2Fwp%2Fv2%2Fmedia&parent=31362"}],"wp:term":[{"taxonomy":"category","embeddable":true,"href":"https:\/\/www.invarena.cz\/index.php?rest_route=%2Fwp%2Fv2%2Fcategories&post=31362"},{"taxonomy":"post_tag","embeddable":true,"href":"https:\/\/www.invarena.cz\/index.php?rest_route=%2Fwp%2Fv2%2Ftags&post=31362"}],"curies":[{"name":"wp","href":"https:\/\/api.w.org\/{rel}","templated":true}]}}