{"id":31377,"date":"2019-03-14T13:18:23","date_gmt":"2019-03-14T12:18:23","guid":{"rendered":"http:\/\/www.invarena.cz\/?p=31377"},"modified":"2019-03-14T13:20:25","modified_gmt":"2019-03-14T12:20:25","slug":"jak-ulevit-ocim-od-alergie","status":"publish","type":"post","link":"https:\/\/www.invarena.cz\/?p=31377","title":{"rendered":"Jak ulevit o\u010d\u00edm od alergie?"},"content":{"rendered":"<div><strong>Obdob\u00ed alergi\u00ed je tu! Leto\u0161n\u00ed pylov\u00e1 sez\u00f3na na \u00fazem\u00ed \u010ceska za\u010dala v ni\u017e\u0161\u00edch poloh\u00e1ch u\u017e kolem 15. \u00fanora kv\u011btem l\u00edsky. Projevy alergi\u00ed jsou nejen nep\u0159\u00edjemn\u00e9, ale nap\u0159\u00edklad nel\u00e9\u010den\u00e1 o\u010dn\u00ed alergie m\u016f\u017ee b\u00fdt pro zrak nebezpe\u010dn\u00e1.<\/strong><\/div>\n<div><\/div>\n<p><!--more--><\/p>\n<div>B\u011bhem \u010dasn\u00e9ho jarn\u00edho obdob\u00ed tr\u00e1p\u00ed alergiky pr\u00e1v\u011b pyly strom\u016f a ke\u0159\u016f.<br \/>\nKa\u017ed\u00fd druh\u00fd alergik se b\u011bhem alergie pot\u00fdk\u00e1 s o\u010dn\u00edmi probl\u00e9my.<\/div>\n<div><\/div>\n<div><\/div>\n<div>\u201eNep\u0159\u00edjemn\u00e9 sv\u011bd\u011bn\u00ed, zv\u00fd\u0161en\u00e9 slzen\u00ed, otekl\u00e9 o\u010di, pocit ciz\u00edho t\u011bl\u00edska v oku, p\u00e1len\u00ed, \u0159ez\u00e1n\u00ed nebo zarudnut\u00ed o\u010d\u00ed \u2013 to v\u0161echno jsou p\u0159\u00edznaky o\u010dn\u00ed alergie. Nej\u010dast\u011bj\u0161\u00edm projevem o\u010dn\u00ed alergie je z\u00e1n\u011bt spojivek. O\u010dn\u00ed alergie je nej\u010dast\u011bji spojena se sennou r\u00fdmou. A\u010dkoliv se z\u00e1n\u011bty spojivek objevuj\u00ed nej\u010dast\u011bji b\u011bhem jarn\u00edho obdob\u00ed, mohou vznikat po cel\u00fd rok,\u201c upozornil Pavel Stod\u016flka, p\u0159ednosta s\u00edt\u011b o\u010dn\u00edch klinik Gemini.<\/div>\n<div><\/div>\n<div><\/div>\n<div>Zbavit se nep\u0159\u00edjemn\u00fdch projev\u016f o\u010dn\u00ed alergie nebo o\u010d\u00edm alespo\u0148 \u010d\u00e1ste\u010dn\u011b ulevit jde hned n\u011bkolika zp\u016fsoby.<\/div>\n<div><\/div>\n<div><\/div>\n<div>\u201eD\u016fle\u017eit\u00e9 je zamezit kontaktu o\u010d\u00ed s alergenem. Nap\u0159\u00edklad p\u0159i alergii na pyl mohou pomoci slune\u010dn\u00ed br\u00fdle, kter\u00e9 udr\u017e\u00ed alespo\u0148 \u010d\u00e1st alergenu mimo o\u010di. Tak\u00e9 je dobr\u00e9 podr\u00e1\u017ed\u011bn\u00e9 o\u010di vypl\u00e1chnout studenou vodou. Akutn\u00ed p\u0159\u00edznaky pomohou zm\u00edrnit o\u010dn\u00ed kapky s obsahem antihistaminik a l\u00e1tek, kter\u00e9 zm\u00edr\u0148uj\u00ed zarudnut\u00ed a otok. Na otekl\u00e1 v\u00ed\u010dka p\u0159\u00edzniv\u011b p\u016fsob\u00ed studen\u00fd obklad. P\u0159i pocitu sv\u011bd\u011bn\u00ed maj\u00ed alergici tendenci si o\u010di mnout. To ale m\u016f\u017ee pot\u00ed\u017ee je\u0161t\u011b zhor\u0161it, proto\u017ee p\u0159i mnut\u00ed o\u010d\u00ed se m\u016f\u017ee uvol\u0148ovat je\u0161t\u011b v\u00edc dr\u00e1\u017ediv\u00fdch l\u00e1tek. Proto je dobr\u00e9 se t\u0159en\u00ed o\u010d\u00ed vyhnout,\u201c poradil Pavel Stod\u016flka.<\/div>\n<div><\/div>\n<div><\/div>\n<div>\u010clov\u011bk m\u016f\u017ee za\u010d\u00edt b\u00fdt alergick\u00fd kdykoli v\u00a0pr\u016fb\u011bhu \u017eivota, spousta lid\u00ed si tak ze za\u010d\u00e1tku ani neuv\u011bdomuje, \u017ee se o alergii jedn\u00e1. Ot\u00e1let s\u00a0l\u00e9\u010dbou se ale nemus\u00ed vyplatit.<\/div>\n<div><\/div>\n<div><\/div>\n<div>\u201ePokud m\u00e1 \u010dlov\u011bk pocit, \u017ee trp\u00ed o\u010dn\u00ed alergi\u00ed, m\u011bl by co nejd\u0159\u00edve nav\u0161t\u00edvit o\u010dn\u00edho l\u00e9ka\u0159e. P\u0159edepsan\u00e9 o\u010dn\u00ed kapky nebo l\u00e9ky v naprost\u00e9 v\u011bt\u0161in\u011b p\u0159\u00edpad\u016f nep\u0159\u00edjemn\u00e9 p\u0159\u00edznaky alespo\u0148 v\u00fdrazn\u011b utlum\u00ed, pokud je zcela neodstran\u00ed. Dlouhodob\u011b nel\u00e9\u010den\u00e1 o\u010dn\u00ed alergie m\u016f\u017ee v\u0161ak v\u00e9st k v\u00e1\u017en\u00fdm komplikac\u00edm, kdy alergick\u00fd z\u00e1n\u011bt postihne i rohovku. To dokonce m\u016f\u017ee v\u00e9st k z\u00e1va\u017en\u00e9mu posti\u017een\u00ed oka i s trval\u00fdmi n\u00e1sledky na kvalit\u011b zraku,\u201c varoval Pavel Stod\u016flka.<\/div>\n<div><\/div>\n<div><\/div>\n<div><\/div>\n","protected":false},"excerpt":{"rendered":"<div class=\"mh-excerpt\"><p>Obdob\u00ed alergi\u00ed je tu! Leto\u0161n\u00ed pylov\u00e1 sez\u00f3na na \u00fazem\u00ed \u010ceska za\u010dala v ni\u017e\u0161\u00edch poloh\u00e1ch u\u017e kolem 15. \u00fanora kv\u011btem l\u00edsky. Projevy alergi\u00ed jsou nejen nep\u0159\u00edjemn\u00e9, <a class=\"mh-excerpt-more\" href=\"https:\/\/www.invarena.cz\/?p=31377\" title=\"Jak ulevit o\u010d\u00edm od alergie?\">[&#8230;]<\/a><\/p>\n<\/div>","protected":false},"author":1,"featured_media":0,"comment_status":"open","ping_status":"closed","sticky":false,"template":"","format":"standard","meta":{"footnotes":""},"categories":[11],"tags":[],"class_list":["post-31377","post","type-post","status-publish","format-standard","hentry","category-zdravi"],"_links":{"self":[{"href":"https:\/\/www.invarena.cz\/index.php?rest_route=\/wp\/v2\/posts\/31377","targetHints":{"allow":["GET"]}}],"collection":[{"href":"https:\/\/www.invarena.cz\/index.php?rest_route=\/wp\/v2\/posts"}],"about":[{"href":"https:\/\/www.invarena.cz\/index.php?rest_route=\/wp\/v2\/types\/post"}],"author":[{"embeddable":true,"href":"https:\/\/www.invarena.cz\/index.php?rest_route=\/wp\/v2\/users\/1"}],"replies":[{"embeddable":true,"href":"https:\/\/www.invarena.cz\/index.php?rest_route=%2Fwp%2Fv2%2Fcomments&post=31377"}],"version-history":[{"count":0,"href":"https:\/\/www.invarena.cz\/index.php?rest_route=\/wp\/v2\/posts\/31377\/revisions"}],"wp:attachment":[{"href":"https:\/\/www.invarena.cz\/index.php?rest_route=%2Fwp%2Fv2%2Fmedia&parent=31377"}],"wp:term":[{"taxonomy":"category","embeddable":true,"href":"https:\/\/www.invarena.cz\/index.php?rest_route=%2Fwp%2Fv2%2Fcategories&post=31377"},{"taxonomy":"post_tag","embeddable":true,"href":"https:\/\/www.invarena.cz\/index.php?rest_route=%2Fwp%2Fv2%2Ftags&post=31377"}],"curies":[{"name":"wp","href":"https:\/\/api.w.org\/{rel}","templated":true}]}}