{"id":31392,"date":"2019-03-15T15:11:25","date_gmt":"2019-03-15T14:11:25","guid":{"rendered":"http:\/\/www.invarena.cz\/?p=31392"},"modified":"2019-03-15T15:11:25","modified_gmt":"2019-03-15T14:11:25","slug":"johnova-praha-jako-prvni-v-republice-zajisti-paliativni-peci-mentalne-postizenym","status":"publish","type":"post","link":"https:\/\/www.invarena.cz\/?p=31392","title":{"rendered":"Johnov\u00e1: Praha jako prvn\u00ed v republice zajist\u00ed paliativn\u00ed p\u00e9\u010di ment\u00e1ln\u011b posti\u017een\u00fdm"},"content":{"rendered":"<p><strong>Veden\u00ed hlavn\u00edho m\u011bsta chce za\u0159\u00edzen\u00ed poskytuj\u00edc\u00ed pobytov\u00e9 slu\u017eby navr\u00e1tit zp\u011bt na \u00fazem\u00ed Prahy. \u0158ada z nich se toti\u017e nach\u00e1z\u00ed mimo m\u011bsto, p\u0159esto\u017ee v nich \u017eij\u00ed Pra\u017ean\u00e9. P\u0159\u00edkladem dobr\u00e9 praxe je Domov pro osoby se zdravotn\u00edm posti\u017een\u00edm Sulick\u00e1, kter\u00fd m\u011bsto z\u0159izuje. Tento domov se nach\u00e1z\u00ed p\u0159\u00edmo v Praze a jedn\u00e1 se o jedno z modern\u011bj\u0161\u00edch za\u0159\u00edzen\u00ed, jeho\u017e \u010d\u00e1st se nyn\u00ed rekonstruuje.<\/strong><!--more--><\/p>\n<p>Cel\u00fd \u010dl\u00e1nek naleznete v Parlamentn\u00edch Listech: <a href=\"https:\/\/www.parlamentnilisty.cz\/politika\/politici-volicum\/Johnova-Praha-jako-prvni-v-republice-zajisti-paliativni-peci-mentalne-postizenym-574020\" target=\"_blank\" rel=\"noopener noreferrer\">ZDE<\/a><\/p>\n","protected":false},"excerpt":{"rendered":"<div class=\"mh-excerpt\"><p>Veden\u00ed hlavn\u00edho m\u011bsta chce za\u0159\u00edzen\u00ed poskytuj\u00edc\u00ed pobytov\u00e9 slu\u017eby navr\u00e1tit zp\u011bt na \u00fazem\u00ed Prahy. \u0158ada z nich se toti\u017e nach\u00e1z\u00ed mimo m\u011bsto, p\u0159esto\u017ee v nich \u017eij\u00ed <a class=\"mh-excerpt-more\" href=\"https:\/\/www.invarena.cz\/?p=31392\" title=\"Johnov\u00e1: Praha jako prvn\u00ed v republice zajist\u00ed paliativn\u00ed p\u00e9\u010di ment\u00e1ln\u011b posti\u017een\u00fdm\">[&#8230;]<\/a><\/p>\n<\/div>","protected":false},"author":1,"featured_media":4002,"comment_status":"open","ping_status":"closed","sticky":false,"template":"","format":"standard","meta":{"footnotes":""},"categories":[9],"tags":[],"class_list":["post-31392","post","type-post","status-publish","format-standard","has-post-thumbnail","hentry","category-zpravy"],"_links":{"self":[{"href":"https:\/\/www.invarena.cz\/index.php?rest_route=\/wp\/v2\/posts\/31392","targetHints":{"allow":["GET"]}}],"collection":[{"href":"https:\/\/www.invarena.cz\/index.php?rest_route=\/wp\/v2\/posts"}],"about":[{"href":"https:\/\/www.invarena.cz\/index.php?rest_route=\/wp\/v2\/types\/post"}],"author":[{"embeddable":true,"href":"https:\/\/www.invarena.cz\/index.php?rest_route=\/wp\/v2\/users\/1"}],"replies":[{"embeddable":true,"href":"https:\/\/www.invarena.cz\/index.php?rest_route=%2Fwp%2Fv2%2Fcomments&post=31392"}],"version-history":[{"count":0,"href":"https:\/\/www.invarena.cz\/index.php?rest_route=\/wp\/v2\/posts\/31392\/revisions"}],"wp:featuredmedia":[{"embeddable":true,"href":"https:\/\/www.invarena.cz\/index.php?rest_route=\/wp\/v2\/media\/4002"}],"wp:attachment":[{"href":"https:\/\/www.invarena.cz\/index.php?rest_route=%2Fwp%2Fv2%2Fmedia&parent=31392"}],"wp:term":[{"taxonomy":"category","embeddable":true,"href":"https:\/\/www.invarena.cz\/index.php?rest_route=%2Fwp%2Fv2%2Fcategories&post=31392"},{"taxonomy":"post_tag","embeddable":true,"href":"https:\/\/www.invarena.cz\/index.php?rest_route=%2Fwp%2Fv2%2Ftags&post=31392"}],"curies":[{"name":"wp","href":"https:\/\/api.w.org\/{rel}","templated":true}]}}