{"id":31400,"date":"2019-03-18T15:04:16","date_gmt":"2019-03-18T14:04:16","guid":{"rendered":"http:\/\/www.invarena.cz\/?p=31400"},"modified":"2019-03-18T15:04:16","modified_gmt":"2019-03-18T14:04:16","slug":"festival-dovednosti-zdravotne-postizenych-okouzlil-besedu","status":"publish","type":"post","link":"https:\/\/www.invarena.cz\/?p=31400","title":{"rendered":"Festival dovednost\u00ed zdravotn\u011b posti\u017een\u00fdch okouzlil Besedu"},"content":{"rendered":"<p><strong>Zdravotn\u011b posti\u017een\u00ed uk\u00e1zali n\u00e1v\u0161t\u011bvn\u00edk\u016fm sobotn\u00edho festivalu v M\u011b\u0161\u0165ansk\u00e9 besed\u011b, co v\u0161echno um\u011bj\u00ed. Tanec, hudba, recitace, divadlo. Program prvn\u00edho ro\u010dn\u00edku festivalu nazvan\u00e9ho Um\u00ed\u00ed byl nabit\u00fd aktivitami zdravotn\u011b posti\u017een\u00fdch lid\u00ed. Ti n\u00e1v\u0161t\u011bvn\u00edk\u016fm p\u0159edvedli, co se nau\u010dili ve sv\u00e9m voln\u00e9m \u010dase.<\/strong> <!--more--><\/p>\n<p>&#8222;Vystavujeme a prod\u00e1v\u00e1me zde nap\u0159\u00edklad zv\u00ed\u0159\u00e1tka, kter\u00e1 klienti pom\u00e1haj\u00ed vycp\u00e1vat a za\u0161\u00edvat. M\u00e1me tak\u00e9 keramiku a v\u00fdrobky, kter\u00e9 pro n\u00e1s handicapovan\u00ed vyr\u00e1b\u011bj\u00ed na dekoraci,&#8220; \u0159\u00edk\u00e1 Marie Linkov\u00e1, zam\u011bstnankyn\u011b sdru\u017een\u00ed Ty a J\u00e1, kter\u00e9 pom\u00e1h\u00e1 handicapovan\u00fdm mlad\u00fdm lidem se za\u010dlen\u011bn\u00edm se do spole\u010dnosti a nab\u00edz\u00ed mo\u017enosti, jak smyslupln\u011b tr\u00e1vit voln\u00fd \u010das.<\/p>\n<p>Zdravotn\u011b posti\u017een\u00ed tvo\u0159\u00ed v\u00fdrobky na dopoledn\u00edch aktivit\u00e1ch. &#8222;Sna\u017e\u00edme se, aby si osvojili n\u00e1vyky. Opakujeme s nimi v\u011bci do \u0161koly, \u010dteme, po\u010d\u00edt\u00e1me, va\u0159\u00edme, malujeme. Chceme hlavn\u011b, aby ti lid\u00e9 nesed\u011bli doma, ale aby se n\u011bjak rozv\u00edjeli,&#8220; dodala Linkov\u00e1. &#8222;D\u00edvala jsem se na jejich pr\u00e1ce a byla jsem opravdu okouzlena a dojata. Ka\u017ed\u00fd, kdo si koup\u00ed takovou v\u011bc, dostane vlastn\u011b hned dva d\u00e1rky \u2013 za prv\u00e9 samotnou v\u011bc a za druh\u00e9 srdce toho \u010dlov\u011bka, kter\u00fd p\u0159edm\u011bt vyrobil,&#8220; uvedla n\u00e1m\u011bstkyn\u011b prim\u00e1tora pro oblast kultury, pam\u00e1tkov\u00e9 p\u00e9\u010de a soci\u00e1ln\u00edch v\u011bc\u00ed Eli\u0161ka Bart\u00e1kov\u00e1.<\/p>\n<p>&#8222;Na festivalu Um\u00ed\u00ed, kter\u00fd je jakousi paralelou akce Senio\u0159i bav\u00ed seniory, se zde vyst\u0159\u00edd\u00e1 a\u017e 250 klient\u016f r\u016fzn\u00fdch organizac\u00ed, co\u017e je \u00fa\u017easn\u00e9 \u010d\u00edslo,&#8220; doplnila vedouc\u00ed odboru soci\u00e1ln\u00edch slu\u017eeb plze\u0148sk\u00e9ho magistr\u00e1tu Alena Hynkov\u00e1.<\/p>\n<p>LENKA PROK\u0160OV\u00c1<br \/>\nPlze\u0148sk\u00fd den\u00edk<br \/>\n<a href=\"http:\/\/plzensky.denik.cz\/\" target=\"_blank\" rel=\"noopener noreferrer\">http:\/\/plzensky.denik.cz\/<\/a><\/p>\n","protected":false},"excerpt":{"rendered":"<div class=\"mh-excerpt\"><p>Zdravotn\u011b posti\u017een\u00ed uk\u00e1zali n\u00e1v\u0161t\u011bvn\u00edk\u016fm sobotn\u00edho festivalu v M\u011b\u0161\u0165ansk\u00e9 besed\u011b, co v\u0161echno um\u011bj\u00ed. Tanec, hudba, recitace, divadlo. Program prvn\u00edho ro\u010dn\u00edku festivalu nazvan\u00e9ho Um\u00ed\u00ed byl nabit\u00fd aktivitami <a class=\"mh-excerpt-more\" href=\"https:\/\/www.invarena.cz\/?p=31400\" title=\"Festival dovednost\u00ed zdravotn\u011b posti\u017een\u00fdch okouzlil Besedu\">[&#8230;]<\/a><\/p>\n<\/div>","protected":false},"author":1,"featured_media":0,"comment_status":"open","ping_status":"closed","sticky":false,"template":"","format":"standard","meta":{"footnotes":""},"categories":[9],"tags":[],"class_list":["post-31400","post","type-post","status-publish","format-standard","hentry","category-zpravy"],"_links":{"self":[{"href":"https:\/\/www.invarena.cz\/index.php?rest_route=\/wp\/v2\/posts\/31400","targetHints":{"allow":["GET"]}}],"collection":[{"href":"https:\/\/www.invarena.cz\/index.php?rest_route=\/wp\/v2\/posts"}],"about":[{"href":"https:\/\/www.invarena.cz\/index.php?rest_route=\/wp\/v2\/types\/post"}],"author":[{"embeddable":true,"href":"https:\/\/www.invarena.cz\/index.php?rest_route=\/wp\/v2\/users\/1"}],"replies":[{"embeddable":true,"href":"https:\/\/www.invarena.cz\/index.php?rest_route=%2Fwp%2Fv2%2Fcomments&post=31400"}],"version-history":[{"count":0,"href":"https:\/\/www.invarena.cz\/index.php?rest_route=\/wp\/v2\/posts\/31400\/revisions"}],"wp:attachment":[{"href":"https:\/\/www.invarena.cz\/index.php?rest_route=%2Fwp%2Fv2%2Fmedia&parent=31400"}],"wp:term":[{"taxonomy":"category","embeddable":true,"href":"https:\/\/www.invarena.cz\/index.php?rest_route=%2Fwp%2Fv2%2Fcategories&post=31400"},{"taxonomy":"post_tag","embeddable":true,"href":"https:\/\/www.invarena.cz\/index.php?rest_route=%2Fwp%2Fv2%2Ftags&post=31400"}],"curies":[{"name":"wp","href":"https:\/\/api.w.org\/{rel}","templated":true}]}}