{"id":31402,"date":"2019-03-18T21:30:51","date_gmt":"2019-03-18T20:30:51","guid":{"rendered":"http:\/\/www.invarena.cz\/?p=31402"},"modified":"2019-03-28T17:56:14","modified_gmt":"2019-03-28T16:56:14","slug":"z-nuly-k-vysnenym-profesim-znevyhodnenym-detem-staci-rok-a-100-tisic","status":"publish","type":"post","link":"https:\/\/www.invarena.cz\/?p=31402","title":{"rendered":"Z nuly k vysn\u011bn\u00fdm profes\u00edm \u2013 znev\u00fdhodn\u011bn\u00fdm d\u011btem sta\u010d\u00ed rok a 100 tis\u00edc"},"content":{"rendered":"<p style=\"text-align: left;\" align=\"center\"><strong>Nyn\u00ed startuje projekt Tvoje \u0161ance s 12 znev\u00fdhodn\u011bn\u00fdmi, zato nadan\u00fdmi st\u0159edo\u0161kol\u00e1ky. Sedm d\u011bv\u010dat a p\u011bt chlapc\u016f m\u00e1 na sv\u016fj profesn\u00ed rozvoj a spln\u011bn\u00ed viz\u00ed jeden rok, 100 tis\u00edc korun a podporu lid\u00ed z praxe.<\/strong><\/p>\n<p style=\"text-align: left;\" align=\"center\"><!--more-->ilustra\u010dn\u00ed foto<\/p>\n<p align=\"justify\">\u201eProjekt neznamen\u00e1 pouze finan\u010dn\u00ed pomoc znev\u00fdhodn\u011bn\u00fdm d\u011btem. B\u011bhem cel\u00e9ho roku mus\u00ed \u00fa\u010dastn\u00edci absolvovat nabit\u00fd program profesn\u00edho rozvoje, kter\u00fd je posouv\u00e1 v\u00a0\u017eivot\u011b d\u00e1l. Z\u00edskaj\u00ed p\u0159\u00edle\u017eitost na sob\u011b pracovat a vzd\u011bl\u00e1vat se, otev\u0159ou se jim mo\u017enosti, na kter\u00e9 by ze sv\u00e9 pozice nikdy nedos\u00e1hli. Podobn\u011b intenzivn\u00ed podpora d\u011bt\u00ed s\u00a0nelehk\u00fdmi \u017eivotn\u00edmi podm\u00ednkami v\u00a0\u010cesku a Slovensku neexistuje,\u201c uvedla Zuzana Mrav\u00edk Zelenick\u00e1, mana\u017eerka CSR program\u016f spole\u010dnosti Samsung. Ta na projektu spolupracuje s\u00a0neziskovou organizac\u00ed Nad\u00e1n\u00ed a dovednosti. \u201eLetos prob\u011bhne sedm v\u00edkendov\u00fdch workshop\u016f v Praze a Bratislav\u011b pod veden\u00edm odborn\u00edk\u016f z mnoha oblast\u00ed, \u00fa\u010dastn\u00edci budou po celou dobu projektu vedeni kari\u00e9rn\u00edm poradcem. Mohou absolvovat zahrani\u010dn\u00ed kurzy, veletrhy, semin\u00e1\u0159e nebo slo\u017eit licen\u010dn\u00ed zkou\u0161ky, kter\u00e9 pro sv\u016fj z\u00e1m\u011br pot\u0159ebuj\u00ed. Povolen\u00e9 je v\u0161e edukativn\u00edho r\u00e1zu, co jim vylep\u0161\u00ed profesn\u00ed portfolio a na co sta\u010d\u00ed rozpo\u010det,\u201c dodala Zelenick\u00e1.<\/p>\n<p align=\"justify\">Lo\u0148sk\u00fdch dev\u011bt pr\u016fkopn\u00edk\u016f projektu tak stihlo za necel\u00fd rok des\u00edtky workshop\u016f ve dvou zem\u00edch o celkov\u00e9 d\u00e9lce 160 hodin. Absolvovalo stovky hodin individu\u00e1ln\u00edch konzultac\u00ed, 34 exkurz\u00ed ve firm\u00e1ch, st\u00e1tn\u00edch instituc\u00edch i obecn\u011b prosp\u011b\u0161n\u00fdch spole\u010dnostech, k\u00a0tomu 49 kurz\u016f \u010di semin\u00e1\u0159\u016f a 35 konferenc\u00ed a p\u0159edn\u00e1\u0161ek.<\/p>\n<p align=\"justify\">\u201eKrom\u011b spole\u010dn\u00fdch workshop\u016f si ka\u017ed\u00fd b\u011bhem roku pln\u00ed svoji osobn\u00ed profesn\u00ed strategii vyty\u010denou v\u00a0po\u010d\u00e1tc\u00edch projektu s\u00a0kari\u00e9rn\u00edm poradcem. V\u00a0praxi to vypad\u00e1 tak, \u017ee \u00fa\u010dastn\u00edkovi, kter\u00e9ho zaj\u00edm\u00e1 nap\u0159\u00edklad marketing, ale je\u0161t\u011b si nen\u00ed jist\u00fd konkr\u00e9tn\u00ed oblast\u00ed, uk\u00e1\u017eeme portfolio pracovn\u00edho trhu, a to pomoc\u00ed exkurz\u00ed a st\u00ednov\u00e1n\u00ed ve firm\u00e1ch. Napl\u00e1nujeme vzd\u011bl\u00e1vac\u00ed kurzy a aktivity z oboru. Nau\u010d\u00ed se pracovat v r\u016fzn\u00fdch grafick\u00fdch programech, absolvuje kurzy marketingu a soci\u00e1ln\u00edch s\u00edt\u00ed, nau\u010d\u00ed se spravovat PPC reklamy, ovl\u00e1dat asertivn\u00ed komunikaci, orientovat se v obchodu a networkingu. Absolvuje st\u00e1\u017ee v\u00a0rozli\u010dn\u00fdch marketingov\u00fdch agentur\u00e1ch a jazykov\u00fd kurz v Anglii. Zalo\u017e\u00ed si \u017eivnostensk\u00fd list a za\u010dne plnit sv\u00e9 portfolio prvn\u00edmi zak\u00e1zkami. Jedn\u00e1 se o tzv. dream job inkub\u00e1tor,\u201c p\u0159ibl\u00ed\u017eila Zuzana Mrav\u00edk Zelenick\u00e1.<\/p>\n<p align=\"justify\">Podle individu\u00e1ln\u00edch kari\u00e9rn\u00edch viz\u00ed tak loni dv\u011b \u00fa\u010dastnice v pilotn\u00edm ro\u010dn\u00edku projektu pro\u0161ly fotografick\u00fdm kurzem a nau\u010dily se pracovat s programy na \u00fapravu fotografi\u00ed, p\u011bt d\u011bt\u00ed vyrazilo na dvout\u00fddenn\u00ed jazykov\u00fd kurz do Brightonu, dal\u0161\u00ed student ve spolupr\u00e1ci s\u00a0kreativn\u00ed agenturou zdokonalil sv\u016fj startup v\u00a0oblasti dou\u010dov\u00e1n\u00ed, vymyslel nov\u00e9 logo, grafick\u00fd vizu\u00e1l a vytvo\u0159il modern\u00ed webov\u00e9 str\u00e1nky. N\u011bkte\u0159\u00ed si zalo\u017eili vlastn\u00ed blog, absolvovali kurz copywritingu nebo pro\u0161li redakcemi Seznam.cz, TV \u00d3\u010dko \u010di Forbes. Na z\u00e1klad\u011b vlastn\u00edch preferenc\u00ed studenti poznali chod advok\u00e1tn\u00ed kancel\u00e1\u0159e, nav\u0161t\u00edvili Mezin\u00e1rodn\u00ed soud v\u00a0Haagu, Poslaneckou sn\u011bmovnu \u010cR, z\u00fa\u010dastnili se konferenc\u00ed a veletrh\u016f doma i v\u00a0zahrani\u010d\u00ed a poznali \u0159adu nov\u00fdch lid\u00ed a d\u016fle\u017eit\u00fdch kontakt\u016f.<\/p>\n<p align=\"justify\">\u201eZ\u00e1le\u017e\u00ed jen na samotn\u00fdch \u00fa\u010dastn\u00edc\u00edch, co by cht\u011bli dok\u00e1zat. Profesion\u00e1lov\u00e9 v projektu jim pot\u00e9 uk\u00e1\u017e\u00ed sm\u011br a pomohou s realizac\u00ed. Celoro\u010dn\u00ed program nen\u00ed jednoduch\u00fd a vy\u017eaduje hodn\u011b \u00fasil\u00ed a pr\u00e1ce na sob\u011b. V\u00edme ale, \u017ee u\u017e jenom p\u0159ihl\u00e1\u0161ka do projektu znamen\u00e1, \u017ee uchaze\u010d chce svoji pozici ve spole\u010dnosti zm\u011bnit, \u017ee v\u011b\u0159\u00ed, \u017ee je to re\u00e1ln\u00e9. A pr\u00e1v\u011b tahle motivace a ochota sebevzd\u011bl\u00e1v\u00e1n\u00ed byla nejd\u016fle\u017eit\u011bj\u0161\u00edm vod\u00edtkem v\u00fdb\u011bru \u00fa\u010dastn\u00edk\u016f,\u201c popsala Zuzana Mrav\u00edk Zelenick\u00e1.<\/p>\n<p align=\"justify\">Navzdory nelehk\u00e9 \u017eivotn\u00ed situaci poj\u00ed v\u0161echny b\u00fdval\u00e9 i sou\u010dasn\u00e9 \u00fa\u010dastn\u00edky projektu touha pom\u00e1hat a b\u00fdt prosp\u011b\u0161n\u00fd sv\u00e9mu okol\u00ed. A\u0165 u\u017e se pot\u00fdkaj\u00ed se \u0161patn\u00fdmi podm\u00ednkami v rodin\u011b, zdravotn\u00edmi probl\u00e9my, \u00fastavn\u00ed p\u00e9\u010d\u00ed, nebo nedostatkem finan\u010dn\u00edch prost\u0159edk\u016f, cht\u011bj\u00ed se z\u00a0t\u00e9to \u0161katulky vymanit a dos\u00e1hnout spole\u010densky odpov\u011bdn\u00e9 profese \u2013 nap\u0159\u00edklad advok\u00e1t, kter\u00fd zastupuje rodiny v\u00a0nouzi, nebo soci\u00e1ln\u00ed pracovnice.<\/p>\n<p align=\"justify\">\u201e\u00dasp\u011bch prvn\u00edho ro\u010dn\u00edku tkv\u011bl pr\u00e1v\u011b ve v\u00fdb\u011bru kvalitn\u00edch \u00fa\u010dastn\u00edk\u016f. Jejich z\u00e1jem a anga\u017eovanost pro n\u00e1s byly velkou radost\u00ed. V\u0161ichni v\u011bnovali projektu mno\u017estv\u00ed \u010dasu a energie, u\u0161li velk\u00fd kus cesty. N\u011bkdo \u0161el p\u0159\u00edmo, jin\u00fd zkusil dv\u011b t\u0159i mo\u017enosti a nakonec si zvolil tu spr\u00e1vnou. T\u011b\u0161\u00ed n\u00e1s, \u017ee jsme st\u00e1li u zrodu dev\u00edti nov\u00fdch osobnost\u00ed, u p\u0159erodu teenager\u016f v dosp\u011bl\u00e9 c\u00edlev\u011bdom\u00e9 lidi. Ten kontrast \u201ap\u0159ed a po\u2018 je zna\u010dn\u00fd,\u201c pouk\u00e1zala Zuzana Mrav\u00edk Zelenick\u00e1.<\/p>\n<p align=\"justify\">Letos se o to sam\u00e9 pokus\u00ed a\u017e 12 mlad\u00fdch lid\u00ed z\u00a0\u010ceska i Slovenska, kte\u0159\u00ed byli vybr\u00e1ni z\u00a096 p\u0159ihl\u00e1\u0161en\u00fdch. Nav\u00fd\u0161en\u00ed po\u010dtu \u00fa\u010dastn\u00edk\u016f je jedna z\u00a0m\u00e1la zm\u011bn, kterou si projekt Samsung Tvoje \u0161ance, ocen\u011bn\u00fd v sout\u011b\u017ei Gesto roku 2018, s sebou p\u0159inesl do druh\u00e9ho ro\u010dn\u00edku. \u201eNav\u00edc jsme do profesn\u00ed \u010d\u00e1sti zapojili tak\u00e9 kari\u00e9rn\u00edho poradce s p\u0159esahem do psychologie, abychom byli schopni co nejl\u00e9pe identifikovat nitern\u00ed probl\u00e9my d\u011bt\u00ed, nejenom jejich kari\u00e9rn\u00ed c\u00edle. Je t\u011b\u017ek\u00e9 kari\u00e9rn\u011b sm\u011b\u0159ovat n\u011bkoho, kdo m\u00e1 uvnit\u0159 sebe n\u011bjak\u00fd konflikt nebo blok. Proto jsme se rozhodli v\u011bnovat stejnou intenzitu kari\u00e9rn\u00edmu i osobnostn\u00edmu rozvoji uchaze\u010d\u016f,\u201c doplnila Zelenick\u00e1.<\/p>\n<p align=\"justify\">tiskov\u00e1 zpr\u00e1va<\/p>\n","protected":false},"excerpt":{"rendered":"<div class=\"mh-excerpt\"><p>Nyn\u00ed startuje projekt Tvoje \u0161ance s 12 znev\u00fdhodn\u011bn\u00fdmi, zato nadan\u00fdmi st\u0159edo\u0161kol\u00e1ky. Sedm d\u011bv\u010dat a p\u011bt chlapc\u016f m\u00e1 na sv\u016fj profesn\u00ed rozvoj a spln\u011bn\u00ed viz\u00ed jeden <a class=\"mh-excerpt-more\" href=\"https:\/\/www.invarena.cz\/?p=31402\" title=\"Z nuly k vysn\u011bn\u00fdm profes\u00edm \u2013 znev\u00fdhodn\u011bn\u00fdm d\u011btem sta\u010d\u00ed rok a 100 tis\u00edc\">[&#8230;]<\/a><\/p>\n<\/div>","protected":false},"author":1,"featured_media":16920,"comment_status":"open","ping_status":"closed","sticky":false,"template":"","format":"standard","meta":{"footnotes":""},"categories":[9],"tags":[],"class_list":["post-31402","post","type-post","status-publish","format-standard","has-post-thumbnail","hentry","category-zpravy"],"_links":{"self":[{"href":"https:\/\/www.invarena.cz\/index.php?rest_route=\/wp\/v2\/posts\/31402","targetHints":{"allow":["GET"]}}],"collection":[{"href":"https:\/\/www.invarena.cz\/index.php?rest_route=\/wp\/v2\/posts"}],"about":[{"href":"https:\/\/www.invarena.cz\/index.php?rest_route=\/wp\/v2\/types\/post"}],"author":[{"embeddable":true,"href":"https:\/\/www.invarena.cz\/index.php?rest_route=\/wp\/v2\/users\/1"}],"replies":[{"embeddable":true,"href":"https:\/\/www.invarena.cz\/index.php?rest_route=%2Fwp%2Fv2%2Fcomments&post=31402"}],"version-history":[{"count":0,"href":"https:\/\/www.invarena.cz\/index.php?rest_route=\/wp\/v2\/posts\/31402\/revisions"}],"wp:featuredmedia":[{"embeddable":true,"href":"https:\/\/www.invarena.cz\/index.php?rest_route=\/wp\/v2\/media\/16920"}],"wp:attachment":[{"href":"https:\/\/www.invarena.cz\/index.php?rest_route=%2Fwp%2Fv2%2Fmedia&parent=31402"}],"wp:term":[{"taxonomy":"category","embeddable":true,"href":"https:\/\/www.invarena.cz\/index.php?rest_route=%2Fwp%2Fv2%2Fcategories&post=31402"},{"taxonomy":"post_tag","embeddable":true,"href":"https:\/\/www.invarena.cz\/index.php?rest_route=%2Fwp%2Fv2%2Ftags&post=31402"}],"curies":[{"name":"wp","href":"https:\/\/api.w.org\/{rel}","templated":true}]}}