{"id":31419,"date":"2019-03-24T22:03:52","date_gmt":"2019-03-24T21:03:52","guid":{"rendered":"http:\/\/www.invarena.cz\/?p=31419"},"modified":"2019-03-28T17:51:22","modified_gmt":"2019-03-28T16:51:22","slug":"novy-zivot-pro-neslysici","status":"publish","type":"post","link":"https:\/\/www.invarena.cz\/?p=31419","title":{"rendered":"Nov\u00fd \u017eivot pro nesly\u0161\u00edc\u00ed"},"content":{"rendered":"<p><strong>Kochle\u00e1rn\u00ed implant\u00e1t za 25 let, kdy se u n\u00e1s pou\u017e\u00edv\u00e1, zlep\u0161il \u017eivot v\u00edce ne\u017e tis\u00edcovce <span class=\"highlight\">nesly\u0161\u00edc\u00edch<\/span>, p\u0159edev\u0161\u00edm d\u011btem. Se sv\u00fdmi p\u0159\u00edb\u011bhy se \u010dasopisu Vlasta sv\u011b\u0159ila Leona, Martin a Zde\u0148ka.<\/strong><br \/>\n<!--more-->ilustra\u010dn\u00ed sn\u00edmek<br \/>\nP\u0159\u00edstroj, kter\u00fd se vkl\u00e1d\u00e1 do sp\u00e1nkov\u00e9 kosti a do vnit\u0159n\u00edho ucha, je zat\u00edm jedin\u00fdm prost\u0159edkem, kter\u00fd dok\u00e1\u017ee alespo\u0148 \u010d\u00e1ste\u010dn\u011b nahradit sluch. Mnoha lidem umo\u017enil n\u00e1vrat do \u017eivota, \u0161koly, zam\u011bstn\u00e1n\u00ed, k z\u00e1lib\u00e1m. &#8222;V\u00fdvoj implant\u00e1tu v\u00fdrazn\u011b pokro\u010dil. Za\u0159\u00edzen\u00ed se zmen\u0161ilo, je daleko spolehliv\u011bj\u0161\u00ed, v\u00fdkonn\u011bj\u0161\u00ed, a tak pacient\u016fm umo\u017e\u0148uje l\u00e9pe sly\u0161et,&#8220; \u0159\u00edk\u00e1 Ji\u0159\u00ed Sk\u0159ivan, p\u0159ednosta ORL kliniky Fakultn\u00ed nemocnice v Motole &#8222;Lid\u00e9 se z\u00e1kroku zbyte\u010dn\u011b ob\u00e1vaj\u00ed. Myln\u011b se domn\u00edvaj\u00ed, \u017ee se jedn\u00e1 o operaci mozku. Ale my se pohybujeme jen v oblasti st\u0159edn\u00edho a vnit\u0159n\u00edho ucha.&#8220;<\/p>\n<p>Ide\u00e1ln\u00edm adeptem z\u00e1kroku je d\u00edt\u011b ve v\u011bku kolem jednoho roku. &#8222;D\u00edt\u011b s implant\u00e1tem \u00fapln\u011b jinak reaguje ne\u017e <span class=\"highlight\">nesly\u0161\u00edc\u00ed<\/span> d\u00edt\u011b, kter\u00e9 komunikuje pouze vizu\u00e1ln\u011b. Jeho mozek se jinak vyv\u00edj\u00ed,&#8220; \u0159\u00edk\u00e1 l\u00e9ka\u0159. Dosp\u011bl\u00fd je vhodn\u00fdm kandid\u00e1tem hlavn\u011b, kdy\u017e nesly\u0161\u00ed kr\u00e1tkou dobu. Nap\u0159\u00edklad v d\u016fsledku \u00farazu hlavy, n\u00e1hl\u00e9 ztr\u00e1ty sluchu po n\u011bkter\u00fdch antibiotik\u00e1ch.<br \/>\nNebo senior, jen\u017e pomalu ztr\u00e1c\u00ed sluch a je schopen si vybavit zvuky, kter\u00e9 m\u011bl v dob\u011b pln\u00e9ho sluchu.<\/p>\n<p>U d\u011bt\u00ed do \u010dty\u0159 let v\u011bku pln\u011b hrad\u00ed zdravotn\u00ed poji\u0161\u0165ovny implant\u00e1ty na obou stran\u00e1ch. U dosp\u011bl\u00fdch p\u0159isp\u00edv\u00e1 pouze na jedno ucho. To ale nejsou v\u0161echny v\u00fddaje. Zevn\u00ed \u010d\u00e1st, kterou maj\u00ed lid\u00e9 za uchem (tzv. \u0159e\u010dov\u00fd procesor), je po ur\u010dit\u00e9 dob\u011b t\u0159eba vym\u011bnit. V Evrop\u011b je b\u011b\u017en\u00e9, \u017ee dostanou po p\u011bti a\u017e sedmi letech novou sou\u010d\u00e1stku, kter\u00e1 je pln\u011b hrazen\u00e1 poji\u0161\u0165ovnou. U n\u00e1s poji\u0161\u0165ovna hrad\u00ed po 10 letech (podle aktu\u00e1ln\u00ed informace VZP se od prosince 2019 doba zkr\u00e1t\u00ed na 7 let) t\u0159i \u010dtvrtiny n\u00e1klad\u016f a <span class=\"highlight\">posti\u017een\u00fd<\/span> mus\u00ed zaplatit zhruba pades\u00e1t tis\u00edc korun na jedno ucho. P\u0159esto se podle zainteresovan\u00fdch z\u00e1krok vyplat\u00ed. Kvalita \u017eivota je neporovnateln\u00e1. Na d\u011btech to nikdo nepozn\u00e1<\/p>\n<p>KDY\u017d SE LEON\u011a PEJCHAROV\u00c9 NARODIL NESLY\u0160\u00cdC\u00cd SYN, Z\u00c1SADN\u011a SE J\u00cd ZM\u011aNIL \u017dIVOT. DNES SE INTENZIVN\u011a ANGA\u017dUJE V PROBLEMATICE HLUCHOTY A ZA\u010cLE\u0147OV\u00c1N\u00cd D\u011aT\u00cd S IMPLANT\u00c1TEM DO SPOLE\u010cNOSTI. VE SV\u00c9 PR\u00c1CI NA\u0160LA NOV\u00dd SMYSL.<\/p>\n<p>Maty\u00e1\u0161 ned\u00e1vno oslavil des\u00e1t\u00e9 narozeniny. Na prvn\u00ed pohled by nikdo nepoznal, \u017ee m\u00e1 v\u00e1\u017en\u00fd handicap. Kv\u016fli geneticky podm\u00edn\u011bn\u00e9 vad\u011b se narodil jen se zbytky sluchu.<\/p>\n<p>&#8222;Kdy\u017e byly Maty\u00e1\u0161ovi \u010dty\u0159i m\u011bs\u00edce, bylo n\u00e1m divn\u00e9, \u017ee na p\u0159\u00edchod man\u017eela z pr\u00e1ce reaguje pouze p\u0159i o\u010dn\u00edm kontaktu,&#8220; vzpom\u00edn\u00e1 Leona Pejcharov\u00e1 na dobu, kdy za\u010dalo kole\u010dko ob\u00edh\u00e1n\u00ed l\u00e9ka\u0159\u016f. Za dal\u0161\u00ed \u010dty\u0159i m\u011bs\u00edce m\u011bli v ruce potvrzen\u00ed, syn m\u00e1 nejroz\u0161\u00ed\u0159en\u011bj\u0161\u00ed geneticky podm\u00edn\u011bnou t\u011b\u017ekou sluchovou vadu. Pr\u00e1v\u011b tehdy se zjistilo, \u017ee oba rodi\u010de jsou p\u0159ena\u0161e\u010di genetick\u00e9 mutace. &#8222;Kdy\u017e se tito dva lid\u00e9 potkaj\u00ed, pak se jim m\u016f\u017ee narodit potomek-p\u0159ena\u0161e\u010d, ale i zcela <span class=\"highlight\">nesly\u0161\u00edc\u00ed<\/span> d\u00edt\u011b nebo sly\u0161\u00edc\u00ed d\u00edt\u011b, kter\u00e9 mutaci nep\u0159en\u00e1\u0161\u00ed,&#8220; vysv\u011btluje Leona fakt, \u017ee v jejich p\u0159\u00edpad\u011b se s vadou sluchu narodila i dnes u\u017e \u0161estilet\u00e1 Mariannka.<\/p>\n<p><strong>Znakov\u00e1n\u00ed, sluchadla, implant\u00e1t<\/strong><\/p>\n<p>&#8222;Prvotn\u00ed reakce je \u0161ok. Nev\u011b\u0159\u00edte, nev\u00edte, co si s t\u00edm po\u010d\u00edt, napadaj\u00ed v\u00e1s absolutn\u011b hloup\u00e9 ot\u00e1zky. M\u011bli jsme \u0161t\u011bst\u00ed, \u017ee na\u0161e pan\u00ed doktorka s n\u00e1mi jednala tak trp\u011bliv\u011b a citliv\u011b, a\u017e jsme p\u0159i odchodu m\u011bli pocit, \u017ee se vlastn\u011b t\u00e9m\u011b\u0159 nic ned\u011bje.&#8220; V prvn\u00ed \u0159ad\u011b za\u010dali p\u0159i komunikaci se synem vyu\u017e\u00edvat znakov\u00fd jazyk, kter\u00fd doprov\u00e1zeli mluven\u00edm, aby se d\u00edt\u011b nau\u010dilo i odez\u00edrat. Sou\u010dasn\u011b mu byla p\u0159id\u011blena vhodn\u00e1 sluchadla, ale brzy bylo jasn\u00e9, \u017ee bez kochle\u00e1rn\u00edho implant\u00e1tu to nep\u016fjde. &#8222;Najednou se u syna \u00fapln\u011b zasekl v\u00fdvoj \u0159e\u010di. B\u011bhem t\u00fddne se mu z nezn\u00e1m\u00e9ho d\u016fvodu v\u00fdrazn\u011b zhor\u0161il sluch. T\u00edm jsme splnili krit\u00e9ria pro z\u00edsk\u00e1n\u00ed implant\u00e1tu a nebylo co \u0159e\u0161it,&#8220; ud\u00e1v\u00e1 d\u016fvody, pro\u010d se v Maty\u00e1\u0161ov\u00fdch dvou letech rozhodli pro operaci. Nejd\u0159\u00edve na jedno ucho, pak i na druh\u00e9.<\/p>\n<p>&#8222;Tenkr\u00e1t nebylo mo\u017en\u00e9 implantovat za\u0159\u00edzen\u00ed na ob\u011b u\u0161i. Pozd\u011bji se ale s oboustrann\u00fdmi implantacemi za\u010dalo, proto jsme se rozhodli, \u017ee bude m\u00edt implant\u00e1ty dva. Kdy\u017e se pou\u017eije jen jednostrann\u011b, nikdy nev\u00edte, jestli nap\u0159\u00edklad ne\u010dekan\u011b nedojde baterie nebo se zlom\u00ed kabl\u00edk atd., a najednou nesly\u0161\u00edte nic. Tak\u00e9 si v\u0161\u00edm\u00e1m, \u017ee kdy\u017e si z jednoho ucha sund\u00e1 procesor, mnohem h\u016f\u0159e rozum\u00ed. St\u00e1le se pt\u00e1, co jsem \u0159\u00edkala. Ob\u011b d\u011bti reaguj\u00ed daleko l\u00e9pe, kdy\u017e maj\u00ed za\u0159\u00edzen\u00ed na obou u\u0161\u00edch. Nav\u00edc pouze s jednou stranou nem\u016f\u017eete rozli\u0161it, odkud nap\u0159\u00edklad jede auto.&#8220;<\/p>\n<p>D\u011bti se bez probl\u00e9m\u016f za\u010dlenily mezi sv\u00e9 vrstevn\u00edky. Maty\u00e1\u0161 tan\u010d\u00ed street dance, v\u011bnuje se atletice, Mariannka se u\u010d\u00ed na zobcovou fl\u00e9tnu a tan\u010d\u00ed. &#8222;V\u016fbec byste nepoznali, \u017ee nesly\u0161\u00ed. Ani hlas nem\u00e1 nijak zkreslen\u00fd, jako n\u011bkdy m\u00edvaj\u00ed <span class=\"highlight\">nesly\u0161\u00edc\u00ed<\/span> lid\u00e9.&#8220; Leona zkr\u00e1tka na implant\u00e1ty ned\u00e1 dopustit. &#8222;Kdy\u017e jste sly\u0161\u00edc\u00ed rodi\u010d, tak chcete, aby v\u00e1m d\u00edt\u011b rozum\u011blo, abyste s n\u00edm mohli norm\u00e1ln\u011b komunikovat. A to n\u00e1m kochle\u00e1rn\u00ed implant\u00e1t umo\u017enil,&#8220; pochvaluje si.<\/p>\n<p>Jak v\u0161ak smutn\u011b dod\u00e1v\u00e1, m\u00e1 to jedno velk\u00e9 negativum. &#8222;Operaci a implant\u00e1t hrad\u00ed poji\u0161\u0165ovna. I prvn\u00ed vn\u011bj\u0161\u00ed procesor neboli laicky \u0159e\u010deno mikrofon, kter\u00fd se d\u00e1v\u00e1 za ucho. Ale ten m\u00e1 svou \u017eivotnost. Jednou za deset let na n\u011bj p\u0159isp\u00edv\u00e1 poji\u0161\u0165ovna. Stoj\u00ed kolem 230 tis\u00edc korun, poji\u0161\u0165ovna n\u00e1m d\u00e1 p\u0159ibli\u017en\u011b 180 tis\u00edc, zbytek si mus\u00edme zaplatit sami. Kdy\u017e maj\u00ed dv\u011b d\u011bti mikrofony na obou u\u0161\u00edch, tak n\u00e1s to vyjde, jako bychom si jednou za sedm let koupili nov\u00e9 auto.&#8220; I to je d\u016fvod, pro\u010d se intenzivn\u011b anga\u017euje v t\u00e9to problematice.<\/p>\n<p>Nap\u0159\u00edklad i v za\u010dle\u0148ov\u00e1n\u00ed <span class=\"highlight\">nesly\u0161\u00edc\u00edch<\/span> do b\u011b\u017en\u00e9 v\u00fduky. &#8222;U\u010ditel\u016fm se \u010dasto zd\u00e1, \u017ee d\u011bti v\u0161e zvl\u00e1daj\u00ed. Mluv\u00ed i reaguj\u00ed. Ale m\u016f\u017ee se st\u00e1t, \u017ee jim unikaj\u00ed podstatn\u00e9 informace. A je d\u016fle\u017eit\u00e9, aby to u\u010ditel dok\u00e1zal rozeznat. Na co\u017e je nejlep\u0161\u00ed osobn\u00ed zku\u0161enost. Loni jsme uspo\u0159\u00e1dali tzv. Ohlu\u0161uj\u00edc\u00ed workshop, kdy jsme \u00fa\u010dastn\u00edky &#8222;ohlu\u0161ili&#8220; sluch\u00e1tky a \u0161punty do u\u0161\u00ed a nechali je za\u017e\u00edt b\u011b\u017enou v\u00fduku z pohledu d\u00edt\u011bte se sluchov\u00fdm posti\u017een\u00edm. Reakce u\u010ditel\u016f byly naprosto skv\u011bl\u00e9! B\u011bhem hodiny pochopili z\u00e1klady toho, co se sna\u017e\u00edme p\u0159edat skrze na\u0161e metodiky.&#8220;<\/p>\n<p>P\u0158\u00cdB\u011aH DRUH\u00dd<\/p>\n<p><strong>Musel jsem si dlouho zvykat<\/strong><\/p>\n<p>MARTIN TRUHL\u00c1\u0158 NESLY\u0160\u00cd OD NAROZEN\u00cd. DO SV\u00ddCH DEVATEN\u00c1CTI LET FUNGOVAL SE SLUCHADLY A BYL Z\u00c1VISL\u00dd HLAVN\u011a NA ODEZ\u00cdR\u00c1N\u00cd. P\u0158ESTO DOK\u00c1ZAL MEZI SLY\u0160\u00cdC\u00cdMI SPOLU\u017d\u00c1KY ABSOLVOVAT Z\u00c1KLADN\u00cd, ST\u0158EDN\u00cd I VYSOKOU \u0160KOLU. PAK SE ROZHODL PRO Z\u00c1SADN\u00cd KROK.<\/p>\n<p>&#8222;I ta nejv\u00fdkonn\u011bj\u0161\u00ed sluchadla za\u010dala b\u00fdt nedosta\u010duj\u00edc\u00ed, a tak jsem zva\u017eoval kochle\u00e1rn\u00ed implant\u00e1t. Rozhodl jsem se pro implantaci lev\u00e9ho ucha s t\u00edm, \u017ee na n\u011bj stejn\u011b nic nesly\u0161\u00edm, a na prav\u00e9 je\u0161t\u011b budu pou\u017e\u00edvat sluchadlo,&#8220; vzpom\u00edn\u00e1 na sv\u00e9 rozhodnut\u00ed.<\/p>\n<p><strong>P\u0159\u00edli\u0161 mnoho zvuk\u016f<\/strong><\/p>\n<p>T\u011b\u0161il se na nov\u00fd poslech, ale zpo\u010d\u00e1tku to tak jednoduch\u00e9 nebylo. Jak \u0159\u00edk\u00e1, po prvn\u00edm nastaven\u00ed kochle\u00e1rn\u00edho implant\u00e1tu p\u0159evl\u00e1dalo zklam\u00e1n\u00ed. &#8222;Zvuk byl nepohodln\u00fd, sly\u0161el jsem mnoho nerozli\u0161iteln\u00fdch zvuk\u016f najednou, kter\u00e9 jsem p\u0159edt\u00edm nikdy nesly\u0161el, a nebylo mi to p\u0159\u00edjemn\u00e9. Proto jsem zat\u00edm rad\u011bji st\u00e1le je\u0161t\u011b vyu\u017e\u00edval sluchadlo na prav\u00e9m uchu a implant\u00e1t jsem hned nepou\u017e\u00edval.&#8220; Jenom\u017ee po necel\u00fdch dvou letech od z\u00e1kroku ji\u017e ani sluchadlo na prav\u00e9 stran\u011b nesta\u010dilo, co\u017e Martina donutilo zkusit implant\u00e1t pou\u017e\u00edvat a tr\u00e9novat poslech.<\/p>\n<p>&#8222;Vzhledem k neobvykl\u00e9 konstrukci jsem byl n\u011bkolikr\u00e1t vystaven dotaz\u016fm, co to m\u00e1m na hlav\u011b, jak to funguje a podobn\u011b. Zpo\u010d\u00e1tku mi to bylo nep\u0159\u00edjemn\u00e9, nyn\u00ed se tomu zasm\u011bju, p\u0159\u00edpadn\u011b i vysv\u011btl\u00edm. Po osmi letech od implantace si poslech s kochle\u00e1rn\u00edm implant\u00e1tem nem\u016f\u017eu vynachv\u00e1lit, zvl\u00e1d\u00e1m telefonovat, zlep\u0161ila se \u0159e\u010d a komunikace. Mrz\u00ed m\u011b, \u017ee jsem tr\u00e9novat neza\u010dal hned, ale a\u017e po necel\u00fdch dvou letech. Prvn\u00ed m\u011bs\u00edce nastavov\u00e1n\u00ed procesoru a tr\u00e9nov\u00e1n\u00ed poslechu byly n\u00e1ro\u010dn\u00e9, ale v\u00fdsledky stoj\u00ed za to,&#8220; podot\u00fdk\u00e1.<\/p>\n<p><strong>Jako s br\u00fdlemi<\/strong><\/p>\n<p>Martin v sou\u010dasn\u00e9 dob\u011b pracuje jako konstrukt\u00e9r a ve sv\u00e9m voln\u00e9m \u010dase se v\u011bnuje spolu s p\u0159\u00edtelkyn\u00ed Terkou a kamar\u00e1dkou Katkou, kter\u00e9 maj\u00ed tak\u00e9 kochle\u00e1rn\u00ed implant\u00e1ty, nov\u00e9mu projektu www.mycimply.com. R\u00e1d by v n\u011bm propojoval lidi se stejn\u00fdm osudem, jako m\u00e1 on, sd\u00edlel jejich p\u0159\u00edb\u011bhy a \u0161\u00ed\u0159il informace mezi lidmi &#8222;P\u0159\u00e1l bych si, aby se okol\u00ed na \u010dlov\u011bka s implant\u00e1tem d\u00edvalo jako na \u010dlov\u011bka s br\u00fdlemi. Zkr\u00e1tka zcela norm\u00e1ln\u011b.&#8220; I za to vd\u011b\u010d\u00ed sv\u00e9 rodin\u011b, kter\u00e1 k n\u011bmu takto p\u0159istupovala od mali\u010dka. &#8222;V d\u011btstv\u00ed se mi v\u011bnovali s maxim\u00e1ln\u00ed p\u00e9\u010d\u00ed, kter\u00e1 st\u00e1la mnoho \u010dasu, nerv\u016f, trp\u011blivosti. D\u00edky nim te\u010f \u017eiju sv\u016fj \u017eivot a o handicapu nep\u0159em\u00fd\u0161l\u00edm,&#8220; dod\u00e1v\u00e1 spokojen\u011b. P\u0158\u00cdB\u011aH T\u0158ET\u00cd<\/p>\n<p><strong>My v\u00edme, o co jsme p\u0159i\u0161li<\/strong><\/p>\n<p>dal\u0161\u00ed p\u0159\u00edb\u011bhy najdete v \u010dasopisu Vlasta<\/p>\n","protected":false},"excerpt":{"rendered":"<div class=\"mh-excerpt\"><p>Kochle\u00e1rn\u00ed implant\u00e1t za 25 let, kdy se u n\u00e1s pou\u017e\u00edv\u00e1, zlep\u0161il \u017eivot v\u00edce ne\u017e tis\u00edcovce nesly\u0161\u00edc\u00edch, p\u0159edev\u0161\u00edm d\u011btem. Se sv\u00fdmi p\u0159\u00edb\u011bhy se \u010dasopisu Vlasta sv\u011b\u0159ila <a class=\"mh-excerpt-more\" href=\"https:\/\/www.invarena.cz\/?p=31419\" title=\"Nov\u00fd \u017eivot pro nesly\u0161\u00edc\u00ed\">[&#8230;]<\/a><\/p>\n<\/div>","protected":false},"author":1,"featured_media":8720,"comment_status":"open","ping_status":"closed","sticky":false,"template":"","format":"standard","meta":{"footnotes":""},"categories":[9],"tags":[],"class_list":["post-31419","post","type-post","status-publish","format-standard","has-post-thumbnail","hentry","category-zpravy"],"_links":{"self":[{"href":"https:\/\/www.invarena.cz\/index.php?rest_route=\/wp\/v2\/posts\/31419","targetHints":{"allow":["GET"]}}],"collection":[{"href":"https:\/\/www.invarena.cz\/index.php?rest_route=\/wp\/v2\/posts"}],"about":[{"href":"https:\/\/www.invarena.cz\/index.php?rest_route=\/wp\/v2\/types\/post"}],"author":[{"embeddable":true,"href":"https:\/\/www.invarena.cz\/index.php?rest_route=\/wp\/v2\/users\/1"}],"replies":[{"embeddable":true,"href":"https:\/\/www.invarena.cz\/index.php?rest_route=%2Fwp%2Fv2%2Fcomments&post=31419"}],"version-history":[{"count":0,"href":"https:\/\/www.invarena.cz\/index.php?rest_route=\/wp\/v2\/posts\/31419\/revisions"}],"wp:featuredmedia":[{"embeddable":true,"href":"https:\/\/www.invarena.cz\/index.php?rest_route=\/wp\/v2\/media\/8720"}],"wp:attachment":[{"href":"https:\/\/www.invarena.cz\/index.php?rest_route=%2Fwp%2Fv2%2Fmedia&parent=31419"}],"wp:term":[{"taxonomy":"category","embeddable":true,"href":"https:\/\/www.invarena.cz\/index.php?rest_route=%2Fwp%2Fv2%2Fcategories&post=31419"},{"taxonomy":"post_tag","embeddable":true,"href":"https:\/\/www.invarena.cz\/index.php?rest_route=%2Fwp%2Fv2%2Ftags&post=31419"}],"curies":[{"name":"wp","href":"https:\/\/api.w.org\/{rel}","templated":true}]}}