{"id":31420,"date":"2019-03-25T21:33:40","date_gmt":"2019-03-25T20:33:40","guid":{"rendered":"http:\/\/www.invarena.cz\/?p=31420"},"modified":"2019-03-27T12:32:32","modified_gmt":"2019-03-27T11:32:32","slug":"kvluli-zvyseni-platu-budou-chybet-penize-na-socialni-sluzby","status":"publish","type":"post","link":"https:\/\/www.invarena.cz\/?p=31420","title":{"rendered":"Kv\u016fli zv\u00fd\u0161en\u00ed plat\u016f budou chyb\u011bt pen\u00edze na soci\u00e1ln\u00ed slu\u017eby"},"content":{"rendered":"<p><strong>Zam\u011bstnanc\u016fm ve ve\u0159ejn\u00fdch slu\u017eb\u00e1ch se mus\u00ed povinn\u011b zv\u00fd\u0161it platy. Kv\u016fli tomu ale budou chyb\u011bt finance na soci\u00e1ln\u00ed slu\u017eby, nap\u0159\u00edklad slu\u017eby pro <span class=\"highlight\">zdravotn\u011b<\/span> <span class=\"highlight\">posti\u017een\u00e9<\/span>, kte\u0159\u00ed jsou v dom\u00e1c\u00edm o\u0161et\u0159ov\u00e1n\u00ed.\u00a0<\/strong><br \/>\n<!--more--><br \/>\nO nedostatku pen\u011bz na soci\u00e1ln\u00ed slu\u017eby bude p\u0159\u00ed\u0161t\u00ed t\u00fdden ve st\u0159edu jednat Sn\u011bmovna. &#8222;M\u00e1me informace od poskytovatel\u016f i veden\u00ed kraj\u016f, \u017ee sch\u00e1z\u00ed finance na soci\u00e1ln\u00ed slu\u017eby. Je pot\u0159eba situaci co nejrychleji \u0159e\u0161it,&#8220; uvedl lidoveck\u00fd poslanec a z\u00e1rove\u0148 i vyso\u010dinsk\u00fd krajsk\u00fd zastupitel V\u00edt Ka\u0148kovsk\u00fd.<\/p>\n<p>Pokud by se podle n\u011bj situace nevy\u0159e\u0161ila, za\u010daly by se omezovat nejd\u0159\u00edv ter\u00e9nn\u00ed slu\u017eby.<\/p>\n<p>&#8222;Jestli\u017ee by skute\u010dn\u011b do\u0161lo ke krizov\u00e9 situaci, tak to samoz\u0159ejm\u011b nejd\u0159\u00edve odnesou <span class=\"highlight\">zdravotn\u011b<\/span> <span class=\"highlight\">posti\u017een\u00ed<\/span>, kte\u0159\u00ed jsou v dom\u00e1c\u00edm o\u0161et\u0159ov\u00e1n\u00ed,&#8220; podotkl Ka\u0148kovsk\u00fd.<\/p>\n<p>KDU-\u010cSL proto vyzve vl\u00e1du, aby Poslaneck\u00e9 sn\u011bmovn\u011b p\u0159edstavila n\u00e1vrh \u0159e\u0161en\u00ed.<\/p>\n<p>Podle ministryn\u011b pr\u00e1ce a soci\u00e1ln\u00edch v\u011bc\u00ed Jany Mal\u00e1\u010dov\u00e9 do soci\u00e1ln\u00edch slu\u017eeb m\u00e1 letos plynout necel\u00fdch 16 miliard. V nich je \u010d\u00e1stka na p\u011btiprocentn\u00ed r\u016fst plat\u016f. Vl\u00e1dn\u00ed na\u0159\u00edzen\u00ed ale zvedlo v\u00fdd\u011blky v soci\u00e1ln\u00edch slu\u017eb\u00e1ch od ledna o sedm procent.<\/p>\n<p>&#8222;Objektivn\u011b vzato v tuto chv\u00edli chyb\u00ed prost\u0159edky na pokryt\u00ed n\u00e1r\u016fstu plat\u016f o dv\u011b procenta, tedy bezm\u00e1la 253 milion\u016f korun,&#8220; uvedla Mal\u00e1\u010dov\u00e1. Dodala, \u017ee v\u00fdpadek po skon\u010den\u00ed dotac\u00ed z EU bude letos nejv\u00fd\u0161 200 milion\u016f a na rizikov\u00e9 p\u0159\u00edplatky pak chyb\u00ed 400 milion\u016f.<\/p>\n<p>&#8222;Ministerstvo pr\u00e1ce a soci\u00e1ln\u00edch v\u011bc\u00ed si tedy uv\u011bdomuje, \u017ee zde je pro tento rok deficit bezm\u00e1la jedna miliarda korun,&#8220; \u0159ekla Mal\u00e1\u010dov\u00e1.<\/p>\n<p>Jednat chce s ministerstvem financ\u00ed. Podle ministryn\u011b nen\u00ed ale mo\u017en\u00e9, aby samospr\u00e1vy pen\u00edze na dokryt\u00ed \u017e\u00e1daly jen po st\u00e1tu, mus\u00ed se pod\u00edlet i samy.<\/p>\n<p>Kraj Vyso\u010dina ji\u017e vy\u010d\u00edslil deficit, kter\u00fd mu zp\u016fsob\u00ed vl\u00e1dn\u00ed na\u0159\u00edzen\u00ed o platov\u00fdch pom\u011brech zam\u011bstnanc\u016f ve ve\u0159ejn\u00fdch slu\u017eb\u00e1ch, na asi 220 milion\u016f korun.\u00a0 Jde zat\u00edm o p\u0159edb\u011b\u017en\u00fd v\u00fdpo\u010det. P\u0159esn\u011bj\u0161\u00ed \u00fadaje bude m\u00edt hejtmanstv\u00ed a\u017e za n\u011bkolik t\u00fddn\u016f \u2013 pot\u00e9 co dojde k hodnocen\u00ed finan\u010dn\u00edch pl\u00e1n\u016f jednotliv\u00fdch p\u0159\u00edsp\u011bvkov\u00fdch organizac\u00ed a soci\u00e1ln\u00edch slu\u017eeb.<\/p>\n<p>Kraj chce naj\u00edt zdroje sni\u017eov\u00e1n\u00edm n\u00e1klad\u016f u p\u0159\u00edsp\u011bvkov\u00fdch organizac\u00ed, v\u010detn\u011b p\u0159\u00edsp\u011bvkov\u00fdch l\u016f\u017ekov\u00fdch organizac\u00ed, kde kraj nen\u00ed z\u0159izovatelem. D\u00e1le chce kraj p\u0159im\u011bt obce, aby za\u010daly do sooci\u00e1ln\u00edch sl\u016fu\u017eeb p\u0159isp\u00edvat. Ne v\u0161echny obce toti\u017e v sou\u010dasn\u00e9 dob\u011b p\u0159isp\u00edvaj\u00ed, proto\u017ee je k tomu \u017e\u00e1dn\u00fd z\u00e1vazn\u00fd p\u0159edpis nenut\u00ed.<\/p>\n<p>Kraj jedn\u00e1 s ministerstvem pr\u00e1ce a soci\u00e1ln\u00edch v\u011bc\u00ed o tom, zda by alespo\u0148 \u010d\u00e1st z t\u011bchto pen\u011bz nemohly dokr\u00fdt pen\u00edze ze st\u00e1tn\u00edho rozpo\u010dtu.<\/p>\n<p>Obdobn\u00e9 pot\u00ed\u017ee maj\u00ed i v\u0161echny zbyl\u00e9 regiony v \u010cesku. Soci\u00e1ln\u00ed komise Asociace kraj\u016f \u010cesk\u00e9 republiky vy\u010d\u00edslila, \u017ee v cel\u00e9 zemi by mohlo na dokryt\u00ed plat\u016f chyb\u011bt asi 2,07 miliardy korun.<\/p>\n<p>&#8222;Bohu\u017eel \u00fapravy tabulek rizikov\u00fdch p\u0159\u00edplatk\u016f byly p\u0159ijaty v situaci, kdy u\u017e byly rozpo\u010dty prakticky p\u0159ipraven\u00e9. St\u00e1t n\u00e1s stav\u00ed do situace, \u017ee to m\u00e1me dopl\u00e1cet. A my to dopl\u00e1cet nechceme,&#8220; uvedl hejtman Vyso\u010diny Ji\u0159\u00ed B\u011bhounek (\u010cSSD).<\/p>\n","protected":false},"excerpt":{"rendered":"<div class=\"mh-excerpt\"><p>Zam\u011bstnanc\u016fm ve ve\u0159ejn\u00fdch slu\u017eb\u00e1ch se mus\u00ed povinn\u011b zv\u00fd\u0161it platy. Kv\u016fli tomu ale budou chyb\u011bt finance na soci\u00e1ln\u00ed slu\u017eby, nap\u0159\u00edklad slu\u017eby pro zdravotn\u011b posti\u017een\u00e9, kte\u0159\u00ed jsou <a class=\"mh-excerpt-more\" href=\"https:\/\/www.invarena.cz\/?p=31420\" title=\"Kv\u016fli zv\u00fd\u0161en\u00ed plat\u016f budou chyb\u011bt pen\u00edze na soci\u00e1ln\u00ed slu\u017eby\">[&#8230;]<\/a><\/p>\n<\/div>","protected":false},"author":1,"featured_media":19893,"comment_status":"open","ping_status":"closed","sticky":false,"template":"","format":"standard","meta":{"footnotes":""},"categories":[1],"tags":[],"class_list":["post-31420","post","type-post","status-publish","format-standard","has-post-thumbnail","hentry","category-nezarazene"],"_links":{"self":[{"href":"https:\/\/www.invarena.cz\/index.php?rest_route=\/wp\/v2\/posts\/31420","targetHints":{"allow":["GET"]}}],"collection":[{"href":"https:\/\/www.invarena.cz\/index.php?rest_route=\/wp\/v2\/posts"}],"about":[{"href":"https:\/\/www.invarena.cz\/index.php?rest_route=\/wp\/v2\/types\/post"}],"author":[{"embeddable":true,"href":"https:\/\/www.invarena.cz\/index.php?rest_route=\/wp\/v2\/users\/1"}],"replies":[{"embeddable":true,"href":"https:\/\/www.invarena.cz\/index.php?rest_route=%2Fwp%2Fv2%2Fcomments&post=31420"}],"version-history":[{"count":0,"href":"https:\/\/www.invarena.cz\/index.php?rest_route=\/wp\/v2\/posts\/31420\/revisions"}],"wp:featuredmedia":[{"embeddable":true,"href":"https:\/\/www.invarena.cz\/index.php?rest_route=\/wp\/v2\/media\/19893"}],"wp:attachment":[{"href":"https:\/\/www.invarena.cz\/index.php?rest_route=%2Fwp%2Fv2%2Fmedia&parent=31420"}],"wp:term":[{"taxonomy":"category","embeddable":true,"href":"https:\/\/www.invarena.cz\/index.php?rest_route=%2Fwp%2Fv2%2Fcategories&post=31420"},{"taxonomy":"post_tag","embeddable":true,"href":"https:\/\/www.invarena.cz\/index.php?rest_route=%2Fwp%2Fv2%2Ftags&post=31420"}],"curies":[{"name":"wp","href":"https:\/\/api.w.org\/{rel}","templated":true}]}}