{"id":31425,"date":"2019-03-27T13:32:59","date_gmt":"2019-03-27T12:32:59","guid":{"rendered":"http:\/\/www.invarena.cz\/?p=31425"},"modified":"2019-06-04T14:23:21","modified_gmt":"2019-06-04T12:23:21","slug":"lide-nad-55-let-mohou-zadat-o-kartu-seniora-ziskaji-slevy-v-cesku-i-na-slovensku","status":"publish","type":"post","link":"https:\/\/www.invarena.cz\/?p=31425","title":{"rendered":"Lid\u00e9 nad 55 let mohou \u017e\u00e1dat o Kartu seniora. Z\u00edskaj\u00ed slevy v \u010cesku i na Slovensku"},"content":{"rendered":"<p class=\"western\"><i><b>\u010ce\u0161i star\u0161\u00ed 55 let \u017eij\u00edc\u00ed v\u00a0Moravskoslezsk\u00e9m a Jihomoravsk\u00e9m kraji mohou \u017e\u00e1dat o Kartu seniora. Jde o\u00a0ojedin\u011bl\u00fd projekt v\u00a0\u010cesk\u00e9 republice, kter\u00fd senior\u016fm p\u0159in\u00e1\u0161\u00ed v\u00fdhodn\u00e9 nab\u00eddky a slevy u stovek partner\u016f nejen doma, ale tak\u00e9 na Slovensku. Pro leto\u0161n\u00ed rok je v\u00a0pl\u00e1nu roz\u0161\u00ed\u0159it Kartu seniora i do dal\u0161\u00edch kraj\u016f v\u00a0\u010cesk\u00e9 republice.<\/b><\/i><\/p>\n<p class=\"western\"><!--more--><\/p>\n<p class=\"western\" align=\"justify\">Cvi\u010den\u00ed pro seniory, divadeln\u00ed p\u0159edstaven\u00ed, kurz pr\u00e1ce s\u00a0po\u010d\u00edta\u010dem nebo cestov\u00e1n\u00ed s\u00a0p\u0159\u00e1teli. To jsou jen n\u011bkter\u00e9 z\u00a0aktivit, kter\u00fdmi \u0159ada senior\u016f aktivn\u011b tr\u00e1v\u00ed sv\u016fj voln\u00fd \u010das. <i>\u201ePom\u00e1h\u00e1me senior\u016fm rozv\u00edjet jejich aktivn\u00ed \u017eivotn\u00ed styl, podporovat kon\u00ed\u010dky a volno\u010dasov\u00e9 aktivity, budovat p\u0159\u00e1telstv\u00ed a rozv\u00edjet hodnotn\u00e9 vztahy. Na\u0161im c\u00edlem je tak\u00e9 podpo\u0159it p\u0159eshrani\u010dn\u00ed aktivity senior\u016f. S\u00a0Kartou seniora z\u00edskaj\u00ed \u010de\u0161t\u00ed a sloven\u0161t\u00ed senio\u0159i neust\u00e1l\u00fd p\u0159\u00edsun v\u00fdhodn\u00fdch nab\u00eddek a slev u stovek partner\u016f v\u00a0\u010cesk\u00e9 republice a na Slovensku,\u201c<\/i> uv\u00e1d\u00ed Radek Lunda, mana\u017eer projektu Karta seniora.<\/p>\n<p class=\"western\" align=\"justify\">V\u00a0sou\u010dasn\u00e9 dob\u011b mohou senio\u0159i vyb\u00edrat z\u00a0v\u00edce ne\u017e 400 nab\u00eddek slev a speci\u00e1ln\u00edch akc\u00ed u\u00a0spolupracuj\u00edc\u00edch partner\u016f. V\u00fdhody lze \u010derpat nap\u0159\u00edklad v\u00a0oblasti zdrav\u00ed, sportu, kultury \u010di cestov\u00e1n\u00ed. Provozovny partner\u016f v\u00a0\u010cesku, kte\u0159\u00ed poskytuj\u00ed slevy, pozn\u00e1te tak, \u017ee jsou ozna\u010deny zelenou samolepkou. Na Slovensku je barva samolepky oran\u017eov\u00e1.<i> <\/i><\/p>\n<p class=\"western\" align=\"justify\"><i>\u201ePro leto\u0161n\u00ed rok m\u00e1me v\u00a0pl\u00e1nu d\u00e1le roz\u0161i\u0159ovat po\u010det \u010desk\u00fdch i slovensk\u00fdch partner\u016f zapojen\u00fdch do projektu a tak\u00e9 roz\u0161\u00ed\u0159it Kartu seniora i\u00a0do dal\u0161\u00edch kraj\u016f. Karta seniora nab\u00eddne i dal\u0161\u00ed u\u017eite\u010dn\u00e9 funkce \u2013 po p\u0159ihl\u00e1\u0161en\u00ed k\u00a0\u00fa\u010dtu na internetu si bude mo\u017en\u00e9 pozna\u010dit nap\u0159\u00edklad term\u00edn n\u00e1v\u0161t\u011bvy u l\u00e9ka\u0159e,\u201c <\/i>dopl\u0148uje Radek Lunda. Samotn\u00e9 pou\u017eit\u00ed Karty seniora je snadn\u00e9, sta\u010d\u00ed p\u0159ed placen\u00edm nahl\u00e1sit poskytovateli uplatn\u011bn\u00ed slevy a p\u0159edlo\u017eit karti\u010dku.<\/p>\n<p class=\"western\" align=\"justify\">Kartu seniora z\u00edskaj\u00ed z\u00e1jemci prost\u0159ednictv\u00edm krajsk\u00fdch organizac\u00ed spolku Senio\u0159i \u010cesk\u00e9 republiky, kter\u00e1 projekt podporuje. Karta je vyd\u00e1v\u00e1na na jm\u00e9no a obsahuje fotografii, jm\u00e9no, p\u0159\u00edjmen\u00ed, rok narozen\u00ed, m\u00edsto bydli\u0161t\u011b a \u010d\u00edslo karty.<\/p>\n<p class=\"western\" align=\"justify\">Projekt vznikl za finan\u010dn\u00ed podpory Evropsk\u00e9ho fondu pro region\u00e1ln\u00ed rozvoj a Programu p\u0159eshrani\u010dn\u00ed spolupr\u00e1ce Slovensk\u00e1 republika \u2013 \u010cesk\u00e1 republika 2014\u20132020.<\/p>\n<p class=\"western\" align=\"justify\">tiskov\u00e1 zpr\u00e1va<\/p>\n","protected":false},"excerpt":{"rendered":"<div class=\"mh-excerpt\"><p>\u010ce\u0161i star\u0161\u00ed 55 let \u017eij\u00edc\u00ed v\u00a0Moravskoslezsk\u00e9m a Jihomoravsk\u00e9m kraji mohou \u017e\u00e1dat o Kartu seniora. Jde o\u00a0ojedin\u011bl\u00fd projekt v\u00a0\u010cesk\u00e9 republice, kter\u00fd senior\u016fm p\u0159in\u00e1\u0161\u00ed v\u00fdhodn\u00e9 nab\u00eddky a <a class=\"mh-excerpt-more\" href=\"https:\/\/www.invarena.cz\/?p=31425\" title=\"Lid\u00e9 nad 55 let mohou \u017e\u00e1dat o Kartu seniora. Z\u00edskaj\u00ed slevy v \u010cesku i na Slovensku\">[&#8230;]<\/a><\/p>\n<\/div>","protected":false},"author":1,"featured_media":19377,"comment_status":"open","ping_status":"closed","sticky":false,"template":"","format":"standard","meta":{"footnotes":""},"categories":[18],"tags":[],"class_list":["post-31425","post","type-post","status-publish","format-standard","has-post-thumbnail","hentry","category-poradna"],"_links":{"self":[{"href":"https:\/\/www.invarena.cz\/index.php?rest_route=\/wp\/v2\/posts\/31425","targetHints":{"allow":["GET"]}}],"collection":[{"href":"https:\/\/www.invarena.cz\/index.php?rest_route=\/wp\/v2\/posts"}],"about":[{"href":"https:\/\/www.invarena.cz\/index.php?rest_route=\/wp\/v2\/types\/post"}],"author":[{"embeddable":true,"href":"https:\/\/www.invarena.cz\/index.php?rest_route=\/wp\/v2\/users\/1"}],"replies":[{"embeddable":true,"href":"https:\/\/www.invarena.cz\/index.php?rest_route=%2Fwp%2Fv2%2Fcomments&post=31425"}],"version-history":[{"count":0,"href":"https:\/\/www.invarena.cz\/index.php?rest_route=\/wp\/v2\/posts\/31425\/revisions"}],"wp:featuredmedia":[{"embeddable":true,"href":"https:\/\/www.invarena.cz\/index.php?rest_route=\/wp\/v2\/media\/19377"}],"wp:attachment":[{"href":"https:\/\/www.invarena.cz\/index.php?rest_route=%2Fwp%2Fv2%2Fmedia&parent=31425"}],"wp:term":[{"taxonomy":"category","embeddable":true,"href":"https:\/\/www.invarena.cz\/index.php?rest_route=%2Fwp%2Fv2%2Fcategories&post=31425"},{"taxonomy":"post_tag","embeddable":true,"href":"https:\/\/www.invarena.cz\/index.php?rest_route=%2Fwp%2Fv2%2Ftags&post=31425"}],"curies":[{"name":"wp","href":"https:\/\/api.w.org\/{rel}","templated":true}]}}