{"id":31440,"date":"2019-03-28T17:22:28","date_gmt":"2019-03-28T16:22:28","guid":{"rendered":"http:\/\/www.invarena.cz\/?p=31440"},"modified":"2019-03-28T17:22:28","modified_gmt":"2019-03-28T16:22:28","slug":"fakta-o-invalidnim-duchodu-neziska-ho-kazdy-a-ma-to-i-dalsi-omezeni","status":"publish","type":"post","link":"https:\/\/www.invarena.cz\/?p=31440","title":{"rendered":"Fakta o invalidn\u00edm d\u016fchodu: nez\u00edsk\u00e1 ho ka\u017ed\u00fd a m\u00e1 to i dal\u0161\u00ed omezen\u00ed"},"content":{"rendered":"<p><strong>\u00daraz nebo v\u00e1\u017en\u00e1 nemoc mohou citeln\u011b zas\u00e1hnout ka\u017ed\u00e9ho, \u010dasto s sebou nesou i finan\u010dn\u00ed dopady. V\u011bt\u0161ina lid\u00ed si to nep\u0159ipou\u0161t\u00ed. P\u0159esto je dobr\u00e9 m\u00edt z\u00e1kladn\u00ed znalosti, za jak\u00fdch podm\u00ednek vyplat\u00ed st\u00e1t invalidn\u00ed d\u016fchod. Na nej\u010dast\u011bj\u0161\u00ed ot\u00e1zky odpov\u00edd\u00e1 Jana Bura\u0148ov\u00e1, tiskov\u00e1 mluv\u010d\u00ed \u010cesk\u00e9 spr\u00e1vy soci\u00e1ln\u00edho zabezpe\u010den\u00ed.<\/strong><!--more--><\/p>\n<p>Cel\u00fd \u010dl\u00e1nek naleznete na idnes.cz: <a href=\"https:\/\/www.idnes.cz\/finance\/penze\/invalidni-duchod-doba-pojisteni-narok-zadost-vliv-na-starobni-duchod.A190326_080639_penze_sov\" target=\"_blank\" rel=\"noopener noreferrer\">ZDE<\/a><\/p>\n","protected":false},"excerpt":{"rendered":"<div class=\"mh-excerpt\"><p>\u00daraz nebo v\u00e1\u017en\u00e1 nemoc mohou citeln\u011b zas\u00e1hnout ka\u017ed\u00e9ho, \u010dasto s sebou nesou i finan\u010dn\u00ed dopady. V\u011bt\u0161ina lid\u00ed si to nep\u0159ipou\u0161t\u00ed. P\u0159esto je dobr\u00e9 m\u00edt z\u00e1kladn\u00ed <a class=\"mh-excerpt-more\" href=\"https:\/\/www.invarena.cz\/?p=31440\" title=\"Fakta o invalidn\u00edm d\u016fchodu: nez\u00edsk\u00e1 ho ka\u017ed\u00fd a m\u00e1 to i dal\u0161\u00ed omezen\u00ed\">[&#8230;]<\/a><\/p>\n<\/div>","protected":false},"author":1,"featured_media":600,"comment_status":"open","ping_status":"closed","sticky":false,"template":"","format":"standard","meta":{"footnotes":""},"categories":[9],"tags":[],"class_list":["post-31440","post","type-post","status-publish","format-standard","has-post-thumbnail","hentry","category-zpravy"],"_links":{"self":[{"href":"https:\/\/www.invarena.cz\/index.php?rest_route=\/wp\/v2\/posts\/31440","targetHints":{"allow":["GET"]}}],"collection":[{"href":"https:\/\/www.invarena.cz\/index.php?rest_route=\/wp\/v2\/posts"}],"about":[{"href":"https:\/\/www.invarena.cz\/index.php?rest_route=\/wp\/v2\/types\/post"}],"author":[{"embeddable":true,"href":"https:\/\/www.invarena.cz\/index.php?rest_route=\/wp\/v2\/users\/1"}],"replies":[{"embeddable":true,"href":"https:\/\/www.invarena.cz\/index.php?rest_route=%2Fwp%2Fv2%2Fcomments&post=31440"}],"version-history":[{"count":0,"href":"https:\/\/www.invarena.cz\/index.php?rest_route=\/wp\/v2\/posts\/31440\/revisions"}],"wp:featuredmedia":[{"embeddable":true,"href":"https:\/\/www.invarena.cz\/index.php?rest_route=\/wp\/v2\/media\/600"}],"wp:attachment":[{"href":"https:\/\/www.invarena.cz\/index.php?rest_route=%2Fwp%2Fv2%2Fmedia&parent=31440"}],"wp:term":[{"taxonomy":"category","embeddable":true,"href":"https:\/\/www.invarena.cz\/index.php?rest_route=%2Fwp%2Fv2%2Fcategories&post=31440"},{"taxonomy":"post_tag","embeddable":true,"href":"https:\/\/www.invarena.cz\/index.php?rest_route=%2Fwp%2Fv2%2Ftags&post=31440"}],"curies":[{"name":"wp","href":"https:\/\/api.w.org\/{rel}","templated":true}]}}