{"id":31441,"date":"2019-03-28T17:26:36","date_gmt":"2019-03-28T16:26:36","guid":{"rendered":"http:\/\/www.invarena.cz\/?p=31441"},"modified":"2019-03-28T17:26:36","modified_gmt":"2019-03-28T16:26:36","slug":"luzek-pro-lidi-s-alzheimerem-je-malo-vzniknou-nova","status":"publish","type":"post","link":"https:\/\/www.invarena.cz\/?p=31441","title":{"rendered":"L\u016f\u017eek pro lidi s Alzheimerem je m\u00e1lo, vzniknou nov\u00e1"},"content":{"rendered":"<p><strong>Ka\u017ed\u00fd n\u011bkdy n\u011bkam zalo\u017e\u00ed pen\u011b\u017eenku nebo kl\u00ed\u010de. Pokud v\u0161ak \u010dlov\u011bk t\u0159eba \u017eehli\u010dku d\u00e1 do ledni\u010dky nebo hodinky do cuk\u0159enky, mus\u00ed zpozorn\u011bt. Mo\u017en\u00e1 trp\u00ed Alzheimerovou chorobou. A to je diagn\u00f3za, kterou si nikdo vyslechnout nechce. Onemocn\u011bn\u00ed je nevyl\u00e9\u010diteln\u00e9 a p\u0159in\u00e1\u0161\u00ed z\u00e1t\u011b\u017e psychickou i finan\u010dn\u00ed \u2013 p\u0159edev\u0161\u00edm pro rodinu pacienta.<\/strong><!--more--><\/p>\n<p>Cel\u00fd \u010dl\u00e1nek naleznete v Pardubick\u00e9m den\u00edku: <a href=\"http:\/\/pardubicky.denik.cz\/z-regionu\/luzek-pro-lidi-s-alzheimerem-je-malo-vzniknou-nova-20190329.html\" target=\"_blank\" rel=\"noopener noreferrer\">ZDE<\/a><\/p>\n","protected":false},"excerpt":{"rendered":"<div class=\"mh-excerpt\"><p>Ka\u017ed\u00fd n\u011bkdy n\u011bkam zalo\u017e\u00ed pen\u011b\u017eenku nebo kl\u00ed\u010de. Pokud v\u0161ak \u010dlov\u011bk t\u0159eba \u017eehli\u010dku d\u00e1 do ledni\u010dky nebo hodinky do cuk\u0159enky, mus\u00ed zpozorn\u011bt. Mo\u017en\u00e1 trp\u00ed Alzheimerovou chorobou. <a class=\"mh-excerpt-more\" href=\"https:\/\/www.invarena.cz\/?p=31441\" title=\"L\u016f\u017eek pro lidi s Alzheimerem je m\u00e1lo, vzniknou nov\u00e1\">[&#8230;]<\/a><\/p>\n<\/div>","protected":false},"author":1,"featured_media":17517,"comment_status":"open","ping_status":"closed","sticky":false,"template":"","format":"standard","meta":{"footnotes":""},"categories":[9],"tags":[],"class_list":["post-31441","post","type-post","status-publish","format-standard","has-post-thumbnail","hentry","category-zpravy"],"_links":{"self":[{"href":"https:\/\/www.invarena.cz\/index.php?rest_route=\/wp\/v2\/posts\/31441","targetHints":{"allow":["GET"]}}],"collection":[{"href":"https:\/\/www.invarena.cz\/index.php?rest_route=\/wp\/v2\/posts"}],"about":[{"href":"https:\/\/www.invarena.cz\/index.php?rest_route=\/wp\/v2\/types\/post"}],"author":[{"embeddable":true,"href":"https:\/\/www.invarena.cz\/index.php?rest_route=\/wp\/v2\/users\/1"}],"replies":[{"embeddable":true,"href":"https:\/\/www.invarena.cz\/index.php?rest_route=%2Fwp%2Fv2%2Fcomments&post=31441"}],"version-history":[{"count":0,"href":"https:\/\/www.invarena.cz\/index.php?rest_route=\/wp\/v2\/posts\/31441\/revisions"}],"wp:featuredmedia":[{"embeddable":true,"href":"https:\/\/www.invarena.cz\/index.php?rest_route=\/wp\/v2\/media\/17517"}],"wp:attachment":[{"href":"https:\/\/www.invarena.cz\/index.php?rest_route=%2Fwp%2Fv2%2Fmedia&parent=31441"}],"wp:term":[{"taxonomy":"category","embeddable":true,"href":"https:\/\/www.invarena.cz\/index.php?rest_route=%2Fwp%2Fv2%2Fcategories&post=31441"},{"taxonomy":"post_tag","embeddable":true,"href":"https:\/\/www.invarena.cz\/index.php?rest_route=%2Fwp%2Fv2%2Ftags&post=31441"}],"curies":[{"name":"wp","href":"https:\/\/api.w.org\/{rel}","templated":true}]}}