{"id":31459,"date":"2019-04-02T15:48:19","date_gmt":"2019-04-02T13:48:19","guid":{"rendered":"http:\/\/www.invarena.cz\/?p=31459"},"modified":"2019-06-04T14:21:59","modified_gmt":"2019-06-04T12:21:59","slug":"musim-jako-26leta-zacit-platit-pojistne","status":"publish","type":"post","link":"https:\/\/www.invarena.cz\/?p=31459","title":{"rendered":"Mus\u00edm jako 26let\u00e1 za\u010d\u00edt platit pojistn\u00e9?"},"content":{"rendered":"<p><strong>Dotaz: P\u0159\u00edtel ma dceru, kter\u00e1 dovr\u0161\u00ed v dubnu 2019 26let, ale je\u0161t\u011b bude studovat dva roky, studuje toti\u017e zuba\u0159stv\u00ed. Mus\u00ed si p\u0159i dovr\u0161en\u00ed 26let platit sama zdravotn\u00ed poji\u0161\u0165ovnu?<\/strong><\/p>\n<p><!--more--><\/p>\n<p>Za studenty do 26 let v\u011bku plat\u00ed zdravotn\u00ed pojistn\u00e9 st\u00e1t. Naposledy jej st\u00e1t za studenta odvede v m\u011bs\u00edci, kdy dovr\u0161\u00ed 26 let, tedy ve va\u0161em p\u0159\u00edpad\u011b v dubnu. Za dal\u0161\u00ed m\u011bs\u00edce, ji\u017e mus\u00ed student zdravotn\u00ed pojistn\u00e9 odv\u00e1d\u011bt s\u00e1m, i kdy\u017e nad\u00e1le studuje. P\u0159edpokl\u00e1d\u00e1me, \u017ee studentka nen\u00ed p\u0159i studiu zam\u011bstnan\u00e1, proto\u017ee pokud by byla, musel by zdravotn\u00ed pojistn\u00e9 odv\u00e1d\u011bt zam\u011bstnavatel.<\/p>\n<p>Jinak je tomu u soci\u00e1ln\u00edho pojistn\u00e9ho, kdy i po dovr\u0161en\u00ed 26 let nen\u00ed povinnost soci\u00e1ln\u00ed pojistn\u00e9 platit. To plat\u00ed v p\u0159\u00edpad\u011b, kdy student nem\u00e1 vlastn\u00ed p\u0159\u00edjmy, tedy nen\u00ed vedle studia zam\u011bstn\u00e1n nebo nepodnik\u00e1. Pokud v\u0161ak je tak\u00e9 zam\u011bstnancem nebo podnik\u00e1, pak mus\u00ed odv\u00e1d\u011bt soci\u00e1ln\u00ed pojistn\u00e9.<\/p>\n<p>V p\u0159\u00edpad\u011b, kdy student za posledn\u00ed dva roky pracoval a odpracoval p\u0159itom\u00a0 v\u00edce ne\u017e 12 m\u011bs\u00edc\u016f, pak doporu\u010duji zaj\u00edt po dovr\u0161en\u00ed 26 let na \u00fa\u0159ad pr\u00e1ce, i kdy\u017e to nen\u00ed povinn\u00e9, proto\u017ee studentovi vznik\u00e1 n\u00e1rok na podporu v nezam\u011bstnanosti.<\/p>\n<p>redakce invArena<\/p>\n","protected":false},"excerpt":{"rendered":"<div class=\"mh-excerpt\"><p>Dotaz: P\u0159\u00edtel ma dceru, kter\u00e1 dovr\u0161\u00ed v dubnu 2019 26let, ale je\u0161t\u011b bude studovat dva roky, studuje toti\u017e zuba\u0159stv\u00ed. Mus\u00ed si p\u0159i dovr\u0161en\u00ed 26let platit <a class=\"mh-excerpt-more\" href=\"https:\/\/www.invarena.cz\/?p=31459\" title=\"Mus\u00edm jako 26let\u00e1 za\u010d\u00edt platit pojistn\u00e9?\">[&#8230;]<\/a><\/p>\n<\/div>","protected":false},"author":1,"featured_media":7282,"comment_status":"open","ping_status":"closed","sticky":false,"template":"","format":"standard","meta":{"footnotes":""},"categories":[18],"tags":[],"class_list":["post-31459","post","type-post","status-publish","format-standard","has-post-thumbnail","hentry","category-poradna"],"_links":{"self":[{"href":"https:\/\/www.invarena.cz\/index.php?rest_route=\/wp\/v2\/posts\/31459","targetHints":{"allow":["GET"]}}],"collection":[{"href":"https:\/\/www.invarena.cz\/index.php?rest_route=\/wp\/v2\/posts"}],"about":[{"href":"https:\/\/www.invarena.cz\/index.php?rest_route=\/wp\/v2\/types\/post"}],"author":[{"embeddable":true,"href":"https:\/\/www.invarena.cz\/index.php?rest_route=\/wp\/v2\/users\/1"}],"replies":[{"embeddable":true,"href":"https:\/\/www.invarena.cz\/index.php?rest_route=%2Fwp%2Fv2%2Fcomments&post=31459"}],"version-history":[{"count":0,"href":"https:\/\/www.invarena.cz\/index.php?rest_route=\/wp\/v2\/posts\/31459\/revisions"}],"wp:featuredmedia":[{"embeddable":true,"href":"https:\/\/www.invarena.cz\/index.php?rest_route=\/wp\/v2\/media\/7282"}],"wp:attachment":[{"href":"https:\/\/www.invarena.cz\/index.php?rest_route=%2Fwp%2Fv2%2Fmedia&parent=31459"}],"wp:term":[{"taxonomy":"category","embeddable":true,"href":"https:\/\/www.invarena.cz\/index.php?rest_route=%2Fwp%2Fv2%2Fcategories&post=31459"},{"taxonomy":"post_tag","embeddable":true,"href":"https:\/\/www.invarena.cz\/index.php?rest_route=%2Fwp%2Fv2%2Ftags&post=31459"}],"curies":[{"name":"wp","href":"https:\/\/api.w.org\/{rel}","templated":true}]}}