{"id":31476,"date":"2019-04-03T16:22:09","date_gmt":"2019-04-03T14:22:09","guid":{"rendered":"http:\/\/www.invarena.cz\/?p=31476"},"modified":"2019-04-03T16:22:09","modified_gmt":"2019-04-03T14:22:09","slug":"v-praze-odstartuje-nejvetsi-nocni-beh-pro-svetlusku","status":"publish","type":"post","link":"https:\/\/www.invarena.cz\/?p=31476","title":{"rendered":"V Praze odstartuje nejv\u011bt\u0161\u00ed No\u010dn\u00ed b\u011bh pro Sv\u011btlu\u0161ku"},"content":{"rendered":"<p><strong>Pra\u017esk\u00e9 V\u00fdstavi\u0161t\u011b rozsv\u00edt\u00ed 11. dubna tis\u00edce b\u011b\u017ec\u016f na charitativn\u00edm b\u011bhu pro Sv\u011btlu\u0161ku. N\u00e1v\u0161t\u011bvn\u00edci se mohou t\u011b\u0161it na vystoupen\u00ed kapely Peka\u0159, s koup\u00ed vstupenky dostane prvn\u00edch 3900 kupuj\u00edc\u00edch startovn\u00ed bal\u00ed\u010dek s b\u011b\u017eeckou termof\u00f3li\u00ed, sportovn\u00edm vakem na z\u00e1da, \u010delovkou a slevov\u00fdm kup\u00f3nem. Spole\u010dn\u011b rozz\u00e1\u0159\u00ed b\u011b\u017eci nejen m\u011bsta, ale tak\u00e9 \u017eivoty nevidom\u00fdch. V\u00fdt\u011b\u017eek z pra\u017esk\u00e9ho i ostatn\u00edch b\u011bh\u016f poputuje na konto Sv\u011btlu\u0161ky, projektu Nada\u010dn\u00edho fondu \u010cesk\u00e9ho rozhlasu. Registrace na b\u011bhy jsou spu\u0161t\u011bny na www.behprosvetlusku.cz a zab\u011bhat si m\u016f\u017ee p\u0159ij\u00edt kdokoli.<\/strong> <!--more--><\/p>\n<p>Cel\u00fd \u010dl\u00e1nek naleznete v Pra\u017esk\u00e9m Patriotu: <a href=\"https:\/\/www.prazskypatriot.cz\/v-praze-odstartuje-nejvetsi-nocni-beh-pro-svetlusku\/\" target=\"_blank\" rel=\"noopener noreferrer\">ZDE<\/a><\/p>\n","protected":false},"excerpt":{"rendered":"<div class=\"mh-excerpt\"><p>Pra\u017esk\u00e9 V\u00fdstavi\u0161t\u011b rozsv\u00edt\u00ed 11. dubna tis\u00edce b\u011b\u017ec\u016f na charitativn\u00edm b\u011bhu pro Sv\u011btlu\u0161ku. N\u00e1v\u0161t\u011bvn\u00edci se mohou t\u011b\u0161it na vystoupen\u00ed kapely Peka\u0159, s koup\u00ed vstupenky dostane prvn\u00edch <a class=\"mh-excerpt-more\" href=\"https:\/\/www.invarena.cz\/?p=31476\" title=\"V Praze odstartuje nejv\u011bt\u0161\u00ed No\u010dn\u00ed b\u011bh pro Sv\u011btlu\u0161ku\">[&#8230;]<\/a><\/p>\n<\/div>","protected":false},"author":1,"featured_media":4256,"comment_status":"open","ping_status":"closed","sticky":false,"template":"","format":"standard","meta":{"footnotes":""},"categories":[9],"tags":[],"class_list":["post-31476","post","type-post","status-publish","format-standard","has-post-thumbnail","hentry","category-zpravy"],"_links":{"self":[{"href":"https:\/\/www.invarena.cz\/index.php?rest_route=\/wp\/v2\/posts\/31476","targetHints":{"allow":["GET"]}}],"collection":[{"href":"https:\/\/www.invarena.cz\/index.php?rest_route=\/wp\/v2\/posts"}],"about":[{"href":"https:\/\/www.invarena.cz\/index.php?rest_route=\/wp\/v2\/types\/post"}],"author":[{"embeddable":true,"href":"https:\/\/www.invarena.cz\/index.php?rest_route=\/wp\/v2\/users\/1"}],"replies":[{"embeddable":true,"href":"https:\/\/www.invarena.cz\/index.php?rest_route=%2Fwp%2Fv2%2Fcomments&post=31476"}],"version-history":[{"count":0,"href":"https:\/\/www.invarena.cz\/index.php?rest_route=\/wp\/v2\/posts\/31476\/revisions"}],"wp:featuredmedia":[{"embeddable":true,"href":"https:\/\/www.invarena.cz\/index.php?rest_route=\/wp\/v2\/media\/4256"}],"wp:attachment":[{"href":"https:\/\/www.invarena.cz\/index.php?rest_route=%2Fwp%2Fv2%2Fmedia&parent=31476"}],"wp:term":[{"taxonomy":"category","embeddable":true,"href":"https:\/\/www.invarena.cz\/index.php?rest_route=%2Fwp%2Fv2%2Fcategories&post=31476"},{"taxonomy":"post_tag","embeddable":true,"href":"https:\/\/www.invarena.cz\/index.php?rest_route=%2Fwp%2Fv2%2Ftags&post=31476"}],"curies":[{"name":"wp","href":"https:\/\/api.w.org\/{rel}","templated":true}]}}