{"id":31479,"date":"2019-04-04T12:44:42","date_gmt":"2019-04-04T10:44:42","guid":{"rendered":"http:\/\/www.invarena.cz\/?p=31479"},"modified":"2019-04-04T12:44:42","modified_gmt":"2019-04-04T10:44:42","slug":"cez-devet-budov-svitilo-do-tmy-modre-vcetne-hucaku-v-hradci-kralove","status":"publish","type":"post","link":"https:\/\/www.invarena.cz\/?p=31479","title":{"rendered":"\u010cEZ: Dev\u011bt budov sv\u00edtilo do tmy mod\u0159e v\u010detn\u011b Hu\u010d\u00e1ku v Hradci Kr\u00e1lov\u00e9"},"content":{"rendered":"<p><strong>Sv\u011btov\u00fd den porozum\u011bn\u00ed autismu a s n\u00edm spojen\u00e1 osv\u011btov\u00e1 kampa\u0148 \u010cesko sv\u00edt\u00ed mod\u0159e\u201c se u\u017e pop\u00e1t\u00e9 setkaly s chut\u00ed energetik\u016f zapojit se do akce. V modr\u00e9, barv\u011b komunikace a sebevyj\u00e1d\u0159en\u00ed, se rozz\u00e1\u0159ila v noci z 2. na 3. dubna 2019 i budova historick\u00e9 vodn\u00ed elektr\u00e1rny Hu\u010d\u00e1k v centru Hradce Kr\u00e1lov\u00e9. Skupina \u010cEZ a Nadace \u010cEZ podporuje lidi s autismem dlouhodob\u011b formou firemn\u00edho dobrovolnictv\u00ed, zam\u011bstnaneck\u00fdch sb\u00edrek nebo prost\u0159ednictv\u00edm aplikace EPP \u2013 Pom\u00e1hej pohybem.<\/strong><!--more--><\/p>\n<p>Cel\u00fd \u010dl\u00e1nek naleznete v Parlamentn\u00edch Listech: <a href=\"https:\/\/www.parlamentnilisty.cz\/zpravy\/tiskovezpravy\/CEZ-Devet-budov-svitilo-do-tmy-modre-vcetne-Hucaku-v-Hradci-Kralove-576397\" target=\"_blank\" rel=\"noopener noreferrer\">ZDE<\/a><\/p>\n","protected":false},"excerpt":{"rendered":"<div class=\"mh-excerpt\"><p>Sv\u011btov\u00fd den porozum\u011bn\u00ed autismu a s n\u00edm spojen\u00e1 osv\u011btov\u00e1 kampa\u0148 \u010cesko sv\u00edt\u00ed mod\u0159e\u201c se u\u017e pop\u00e1t\u00e9 setkaly s chut\u00ed energetik\u016f zapojit se do akce. V <a class=\"mh-excerpt-more\" href=\"https:\/\/www.invarena.cz\/?p=31479\" title=\"\u010cEZ: Dev\u011bt budov sv\u00edtilo do tmy mod\u0159e v\u010detn\u011b Hu\u010d\u00e1ku v Hradci Kr\u00e1lov\u00e9\">[&#8230;]<\/a><\/p>\n<\/div>","protected":false},"author":1,"featured_media":0,"comment_status":"open","ping_status":"closed","sticky":false,"template":"","format":"standard","meta":{"footnotes":""},"categories":[9],"tags":[],"class_list":["post-31479","post","type-post","status-publish","format-standard","hentry","category-zpravy"],"_links":{"self":[{"href":"https:\/\/www.invarena.cz\/index.php?rest_route=\/wp\/v2\/posts\/31479","targetHints":{"allow":["GET"]}}],"collection":[{"href":"https:\/\/www.invarena.cz\/index.php?rest_route=\/wp\/v2\/posts"}],"about":[{"href":"https:\/\/www.invarena.cz\/index.php?rest_route=\/wp\/v2\/types\/post"}],"author":[{"embeddable":true,"href":"https:\/\/www.invarena.cz\/index.php?rest_route=\/wp\/v2\/users\/1"}],"replies":[{"embeddable":true,"href":"https:\/\/www.invarena.cz\/index.php?rest_route=%2Fwp%2Fv2%2Fcomments&post=31479"}],"version-history":[{"count":0,"href":"https:\/\/www.invarena.cz\/index.php?rest_route=\/wp\/v2\/posts\/31479\/revisions"}],"wp:attachment":[{"href":"https:\/\/www.invarena.cz\/index.php?rest_route=%2Fwp%2Fv2%2Fmedia&parent=31479"}],"wp:term":[{"taxonomy":"category","embeddable":true,"href":"https:\/\/www.invarena.cz\/index.php?rest_route=%2Fwp%2Fv2%2Fcategories&post=31479"},{"taxonomy":"post_tag","embeddable":true,"href":"https:\/\/www.invarena.cz\/index.php?rest_route=%2Fwp%2Fv2%2Ftags&post=31479"}],"curies":[{"name":"wp","href":"https:\/\/api.w.org\/{rel}","templated":true}]}}