{"id":31481,"date":"2019-04-04T12:54:25","date_gmt":"2019-04-04T10:54:25","guid":{"rendered":"http:\/\/www.invarena.cz\/?p=31481"},"modified":"2019-04-04T12:54:25","modified_gmt":"2019-04-04T10:54:25","slug":"derner-kdu-csl-kralovehradecky-kraj-posilil-podporu-rodin-pecujicich-o-cleny-s-poruchou-autistickeho-spektra","status":"publish","type":"post","link":"https:\/\/www.invarena.cz\/?p=31481","title":{"rendered":"Derner (KDU-\u010cSL): Kr\u00e1lov\u00e9hradeck\u00fd kraj pos\u00edlil podporu rodin, pe\u010duj\u00edc\u00edch o \u010dleny s poruchou autistick\u00e9ho spektra"},"content":{"rendered":"<p><strong>Kr\u00e1lov\u00e9hradeck\u00fd kraj se 2. dubna p\u0159ipojil do celorepublikov\u00e9 kampan\u011b \u010cesko sv\u00edt\u00ed mod\u0159e, aby zv\u00fd\u0161il pov\u011bdom\u00ed ve\u0159ejnosti o problematice poruch autistick\u00e9ho spektra (PAS) neboli autismu. Kraj ka\u017ed\u00fdm rokem posiluje podporu pro rodiny pe\u010duj\u00edc\u00ed o \u010dleny s autismem a navy\u0161uje i po\u010dty l\u016f\u017eek pro osoby s PAS, vy\u017eaduj\u00edc\u00ed zvl\u00e1\u0161tn\u00ed podm\u00ednky p\u00e9\u010de.<\/strong> <!--more--><\/p>\n<p>Cel\u00fd \u010dl\u00e1nek naleznete v Parlamentn\u00edch Listech: <a href=\"http:\/\/www.parlamentnilisty.cz\/politika\/politici-volicum\/Derner-KDU-CSL-Kralovehradecky-kraj-posilil-podporu-rodin-pecujicich-o-cleny-s-poruchou-autistickeho-spektra-576376?utm_source=nm&amp;utm_medium=xml\" target=\"_blank\" rel=\"noopener noreferrer\">ZDE<\/a><\/p>\n","protected":false},"excerpt":{"rendered":"<div class=\"mh-excerpt\"><p>Kr\u00e1lov\u00e9hradeck\u00fd kraj se 2. dubna p\u0159ipojil do celorepublikov\u00e9 kampan\u011b \u010cesko sv\u00edt\u00ed mod\u0159e, aby zv\u00fd\u0161il pov\u011bdom\u00ed ve\u0159ejnosti o problematice poruch autistick\u00e9ho spektra (PAS) neboli autismu. Kraj <a class=\"mh-excerpt-more\" href=\"https:\/\/www.invarena.cz\/?p=31481\" title=\"Derner (KDU-\u010cSL): Kr\u00e1lov\u00e9hradeck\u00fd kraj pos\u00edlil podporu rodin, pe\u010duj\u00edc\u00edch o \u010dleny s poruchou autistick\u00e9ho spektra\">[&#8230;]<\/a><\/p>\n<\/div>","protected":false},"author":1,"featured_media":27789,"comment_status":"open","ping_status":"closed","sticky":false,"template":"","format":"standard","meta":{"footnotes":""},"categories":[9],"tags":[],"class_list":["post-31481","post","type-post","status-publish","format-standard","has-post-thumbnail","hentry","category-zpravy"],"_links":{"self":[{"href":"https:\/\/www.invarena.cz\/index.php?rest_route=\/wp\/v2\/posts\/31481","targetHints":{"allow":["GET"]}}],"collection":[{"href":"https:\/\/www.invarena.cz\/index.php?rest_route=\/wp\/v2\/posts"}],"about":[{"href":"https:\/\/www.invarena.cz\/index.php?rest_route=\/wp\/v2\/types\/post"}],"author":[{"embeddable":true,"href":"https:\/\/www.invarena.cz\/index.php?rest_route=\/wp\/v2\/users\/1"}],"replies":[{"embeddable":true,"href":"https:\/\/www.invarena.cz\/index.php?rest_route=%2Fwp%2Fv2%2Fcomments&post=31481"}],"version-history":[{"count":0,"href":"https:\/\/www.invarena.cz\/index.php?rest_route=\/wp\/v2\/posts\/31481\/revisions"}],"wp:featuredmedia":[{"embeddable":true,"href":"https:\/\/www.invarena.cz\/index.php?rest_route=\/wp\/v2\/media\/27789"}],"wp:attachment":[{"href":"https:\/\/www.invarena.cz\/index.php?rest_route=%2Fwp%2Fv2%2Fmedia&parent=31481"}],"wp:term":[{"taxonomy":"category","embeddable":true,"href":"https:\/\/www.invarena.cz\/index.php?rest_route=%2Fwp%2Fv2%2Fcategories&post=31481"},{"taxonomy":"post_tag","embeddable":true,"href":"https:\/\/www.invarena.cz\/index.php?rest_route=%2Fwp%2Fv2%2Ftags&post=31481"}],"curies":[{"name":"wp","href":"https:\/\/api.w.org\/{rel}","templated":true}]}}