{"id":31483,"date":"2019-04-04T13:09:33","date_gmt":"2019-04-04T11:09:33","guid":{"rendered":"http:\/\/www.invarena.cz\/?p=31483"},"modified":"2019-04-04T13:09:33","modified_gmt":"2019-04-04T11:09:33","slug":"hroch-laka-na-nove-workout-hriste","status":"publish","type":"post","link":"https:\/\/www.invarena.cz\/?p=31483","title":{"rendered":"Hroch l\u00e1k\u00e1 na nov\u00e9 workout h\u0159i\u0161t\u011b"},"content":{"rendered":"<p><strong>Sedmadvacetilet\u00fd Luk\u00e1\u0161 \u010celoud je upoutan\u00fd na invalidn\u00ed voz\u00edk. P\u0159esto pravideln\u011b cvi\u010d\u00ed na venkovn\u00edch takzvan\u00fdch workoutov\u00fdch h\u0159i\u0161t\u00edch se zdrav\u00fdmi lidmi.<\/strong><!--more--><\/p>\n<p>Brno \u2013 Od v\u010derej\u0161ka u\u017e se ale p\u0159\u00edli\u0161 vysok\u00fdmi \u00fachopy \u010di jin\u00fdmi prvky nevhodn\u00fdmi pro voz\u00ed\u010dk\u00e1\u0159e nemus\u00ed omezovat. Na hranici brn\u011bnsk\u00e9ho Jundrova a Kom\u00edna toti\u017e otev\u0159eli prvn\u00ed workoutov\u00e9 h\u0159i\u0161t\u011b pro hendikepovan\u00e9 ve m\u011bst\u011b. Mlad\u00fd sportovec i mnoz\u00ed dal\u0161\u00ed si tak poprv\u00e9 u\u017eij\u00ed workout naplno.<\/p>\n<p>&#8222;U\u017e od \u0161esti let cvi\u010d\u00edm na b\u011b\u017en\u00fdch h\u0159i\u0161t\u00edch, nemohl jsem tam ale d\u011blat n\u011bkter\u00e9 cviky. Te\u010f kone\u010dn\u011b m\u016f\u017eu na v\u0161echna stanovi\u0161t\u011b,&#8220; m\u00e1 radost \u010celoud. Nov\u00e9 workoutov\u00e9 h\u0159i\u0161t\u011b, ur\u010den\u00e9 nejen hendikepovan\u00fdm, lid\u00e9 najdou v are\u00e1lu Hroch.<\/p>\n<p>&#8222;Je specifick\u00e9 hlavn\u011b t\u00edm, \u017ee cvi\u010debn\u00ed sestavy maj\u00ed speci\u00e1ln\u00ed \u00fachopy, kter\u00e9 jsou \u0161ir\u0161\u00ed a jsou um\u00edst\u011bny n\u00ed\u017e, aby na n\u011b hendikepovan\u00ed dos\u00e1hli. Okolo jednotliv\u00fdch stanovi\u0161\u0165 je tak\u00e9 v\u00edce m\u00edsta pro p\u0159\u00edstup s invalidn\u00edm voz\u00edkem,&#8220; uvedl za nada\u010dn\u00ed fond Emil, kter\u00fd s n\u00e1padem na speci\u00e1ln\u00ed h\u0159i\u0161t\u011b p\u0159i\u0161el, Pavel Zbo\u017e\u00ednek.<\/p>\n<p>V polovin\u011b roku budou m\u00edt t\u011blesn\u011b posti\u017een\u00ed v Brn\u011b je\u0161t\u011b v\u00edce mo\u017enost\u00ed, kam za posilov\u00e1n\u00edm vyrazit. H\u0159i\u0161t\u011b, kter\u00e9 bude \u010d\u00e1ste\u010dn\u011b uzp\u016fsoben\u00e9 voz\u00ed\u010dk\u00e1\u0159\u016fm, toti\u017e nyn\u00ed buduj\u00ed tak\u00e9 v Bystrci. &#8222;Na Kamech\u00e1ch vyroste velk\u00fd multifunk\u010dn\u00ed are\u00e1l, jeho\u017e sou\u010d\u00e1st\u00ed budou i speci\u00e1ln\u011b upraven\u00e9 cvi\u010debn\u00ed stroje. Otev\u0159eme jej v polovin\u011b \u010dervna,&#8220; sd\u011blil starosta m\u011bstsk\u00e9 \u010d\u00e1sti Tom\u00e1\u0161 Kratochv\u00edl.<\/p>\n<p>Dal\u0161\u00ed prostor pro venkovn\u00ed cvi\u010den\u00ed pl\u00e1nuj\u00ed obyvatel\u016fm nab\u00eddnout i na Brn\u011b-severu. &#8222;M\u00e1me dva takov\u00e9 are\u00e1ly.<\/p>\n<p>Na n\u011bkolika dal\u0161\u00edch m\u00edstech nav\u00edc lid\u00e9 najdou tak\u00e9 nejr\u016fzn\u011bj\u0161\u00ed cvi\u010d\u00edc\u00ed stroje. &#8222;Zm\u00edn\u011bn\u00e1 m\u00edsta jsou hojn\u011b nav\u0161t\u011bvovan\u00e1 a lid\u00e9 se ptaj\u00ed po dal\u0161\u00edch, proto pl\u00e1nujeme v budoucnu cvi\u010debn\u00ed prvky p\u0159idat tak\u00e9 u Sob\u011b\u0161ick\u00e9 ulice,&#8220; uvedl starosta m\u011bstsk\u00e9 \u010d\u00e1sti Martin Male\u010dek.<\/p>\n<p>MAREK HADRBOLEC<br \/>\nBrn\u011bnsk\u00fd den\u00edk<br \/>\n<a href=\"http:\/\/brnensky.denik.cz\/\" target=\"_blank\" rel=\"noopener noreferrer\">http:\/\/brnensky.denik.cz\/<\/a><\/p>\n","protected":false},"excerpt":{"rendered":"<div class=\"mh-excerpt\"><p>Sedmadvacetilet\u00fd Luk\u00e1\u0161 \u010celoud je upoutan\u00fd na invalidn\u00ed voz\u00edk. P\u0159esto pravideln\u011b cvi\u010d\u00ed na venkovn\u00edch takzvan\u00fdch workoutov\u00fdch h\u0159i\u0161t\u00edch se zdrav\u00fdmi lidmi.<\/p>\n<\/div>","protected":false},"author":1,"featured_media":0,"comment_status":"open","ping_status":"closed","sticky":false,"template":"","format":"standard","meta":{"footnotes":""},"categories":[9],"tags":[],"class_list":["post-31483","post","type-post","status-publish","format-standard","hentry","category-zpravy"],"_links":{"self":[{"href":"https:\/\/www.invarena.cz\/index.php?rest_route=\/wp\/v2\/posts\/31483","targetHints":{"allow":["GET"]}}],"collection":[{"href":"https:\/\/www.invarena.cz\/index.php?rest_route=\/wp\/v2\/posts"}],"about":[{"href":"https:\/\/www.invarena.cz\/index.php?rest_route=\/wp\/v2\/types\/post"}],"author":[{"embeddable":true,"href":"https:\/\/www.invarena.cz\/index.php?rest_route=\/wp\/v2\/users\/1"}],"replies":[{"embeddable":true,"href":"https:\/\/www.invarena.cz\/index.php?rest_route=%2Fwp%2Fv2%2Fcomments&post=31483"}],"version-history":[{"count":0,"href":"https:\/\/www.invarena.cz\/index.php?rest_route=\/wp\/v2\/posts\/31483\/revisions"}],"wp:attachment":[{"href":"https:\/\/www.invarena.cz\/index.php?rest_route=%2Fwp%2Fv2%2Fmedia&parent=31483"}],"wp:term":[{"taxonomy":"category","embeddable":true,"href":"https:\/\/www.invarena.cz\/index.php?rest_route=%2Fwp%2Fv2%2Fcategories&post=31483"},{"taxonomy":"post_tag","embeddable":true,"href":"https:\/\/www.invarena.cz\/index.php?rest_route=%2Fwp%2Fv2%2Ftags&post=31483"}],"curies":[{"name":"wp","href":"https:\/\/api.w.org\/{rel}","templated":true}]}}