{"id":31529,"date":"2019-04-17T10:38:41","date_gmt":"2019-04-17T08:38:41","guid":{"rendered":"http:\/\/www.invarena.cz\/?p=31529"},"modified":"2019-04-17T10:38:41","modified_gmt":"2019-04-17T08:38:41","slug":"hejtman-zdvojnasobi-penize-pro-deti","status":"publish","type":"post","link":"https:\/\/www.invarena.cz\/?p=31529","title":{"rendered":"Hejtman zdvojn\u00e1sob\u00ed pen\u00edze pro d\u011bti"},"content":{"rendered":"<p><strong>Projekt Ohol\u00edme hejtmana vstupuje do dal\u0161\u00ed f\u00e1ze. Lid\u00e9 mohou pos\u00edlat p\u0159\u00edsp\u011bvky. \u010c\u00edslem leto\u0161n\u00edho jara v Olomouck\u00e9m kraji je cifra 8803540277. Nejde sice p\u0159\u00edmo o \u0161\u0165astnou des\u00edtku, pocit v\u00fdhry ale p\u0159inese tak\u00e9. Jedn\u00e1 se toti\u017e o \u00fa\u010det, na kter\u00fd lid\u00e9 mohou pos\u00edlat p\u0159\u00edsp\u011bvky do sb\u00edrky Ohol\u00edme hejtmana. Pen\u00edze poslou\u017e\u00ed na financov\u00e1n\u00ed rozvozu hendikepovan\u00fdch d\u011bt\u00ed na Mohelnicku.<\/strong> <!--more--><\/p>\n<p>Hejtman Ladislav Okle\u0161t\u011bk ka\u017edou do\u0161lou korunu zdvojn\u00e1sob\u00ed, a pokud v\u00fdsledn\u00e1 \u010d\u00e1stka p\u0159ekro\u010d\u00ed t\u0159i sta tis\u00edc korun, dobrovoln\u011b se nech\u00e1 je\u0161t\u011b oholit.<\/p>\n<p>&#8222;V\u011b\u0159\u00edm, \u017ee se povede nast\u0159\u00e1dat co nejv\u00edce pen\u011bz. Sice se budu s kn\u00edrem lou\u010dit t\u011b\u017eko, ale lid\u00e9, pro kter\u00e9 je sb\u00edrka ur\u010dena, museli ob\u011btovat daleko v\u00edc,&#8220; nechal se sly\u0161et hejtman Okle\u0161t\u011bk.<\/p>\n<p>Ve\u0159ejnost mohla pomoc\u00ed internetov\u00e9ho hlasov\u00e1n\u00ed vyb\u00edrat hned z osmi projekt\u016f, kter\u00e9 se o podporu uch\u00e1zely. \u0160lo nap\u0159\u00edklad o seniorklub z Choliny, poradnu pro zadlu\u017een\u00e9 \u010di d\u011btsk\u00fd hospic. Nejv\u00edce hlas\u016f z\u00edskal z\u00e1m\u011br p\u0159isp\u00edvat na \u00fahradu n\u00e1klad\u016f na svoz a rozvoz hendikepovan\u00fdch d\u011bt\u00ed do speci\u00e1ln\u00ed \u0161koly v Mohelnici.<\/p>\n<p>&#8222;Podporu si zaslou\u017e\u00ed v\u0161echny p\u0159ihl\u00e1\u0161en\u00e9 projekty. U\u017e jen to, \u017ee se v r\u00e1mci sb\u00edrky Ohol\u00edme hejtmana prezentovaly, jim otev\u0159elo dve\u0159e k dal\u0161\u00edm potencion\u00e1ln\u00edm d\u00e1rc\u016fm a p\u0159isp\u011bvatel\u016fm,&#8220; dodal Okle\u0161t\u011bk.<\/p>\n<p>Finan\u010dn\u00ed p\u0159\u00edsp\u011bvky mohou lid\u00e9 pos\u00edlat na \u00fa\u010det 1158803540277\/0100. Zapojit se mohou soukrom\u00e9 osoby i firmy. Pokud se do 31. kv\u011btna 2019 poda\u0159\u00ed nast\u0159\u00e1dat i s hejtmanov\u00fdm n\u00e1soben\u00edm celkem 300 tis\u00edc korun, Ladislav Okle\u0161t\u011bk si ohol\u00ed kn\u00edr. V\u00edce na <a href=\"http:\/\/www.oholimehejtmana.cz\" rel=\"noopener\" target=\"_blank\">www.oholimehejtmana.cz<\/a>.<\/p>\n<p>17.04.2019<br \/>\nOlomouck\u00fd den\u00edk<br \/>\n<a href=\"http:\/\/www.olomoucky.denik.cz\/\" target=\"_blank\" rel=\"noopener noreferrer\">http:\/\/www.olomoucky.denik.cz\/<\/a><\/p>\n","protected":false},"excerpt":{"rendered":"<div class=\"mh-excerpt\"><p>Projekt Ohol\u00edme hejtmana vstupuje do dal\u0161\u00ed f\u00e1ze. Lid\u00e9 mohou pos\u00edlat p\u0159\u00edsp\u011bvky. \u010c\u00edslem leto\u0161n\u00edho jara v Olomouck\u00e9m kraji je cifra 8803540277. Nejde sice p\u0159\u00edmo o \u0161\u0165astnou <a class=\"mh-excerpt-more\" href=\"https:\/\/www.invarena.cz\/?p=31529\" title=\"Hejtman zdvojn\u00e1sob\u00ed pen\u00edze pro d\u011bti\">[&#8230;]<\/a><\/p>\n<\/div>","protected":false},"author":1,"featured_media":0,"comment_status":"open","ping_status":"closed","sticky":false,"template":"","format":"standard","meta":{"footnotes":""},"categories":[9],"tags":[],"class_list":["post-31529","post","type-post","status-publish","format-standard","hentry","category-zpravy"],"_links":{"self":[{"href":"https:\/\/www.invarena.cz\/index.php?rest_route=\/wp\/v2\/posts\/31529","targetHints":{"allow":["GET"]}}],"collection":[{"href":"https:\/\/www.invarena.cz\/index.php?rest_route=\/wp\/v2\/posts"}],"about":[{"href":"https:\/\/www.invarena.cz\/index.php?rest_route=\/wp\/v2\/types\/post"}],"author":[{"embeddable":true,"href":"https:\/\/www.invarena.cz\/index.php?rest_route=\/wp\/v2\/users\/1"}],"replies":[{"embeddable":true,"href":"https:\/\/www.invarena.cz\/index.php?rest_route=%2Fwp%2Fv2%2Fcomments&post=31529"}],"version-history":[{"count":0,"href":"https:\/\/www.invarena.cz\/index.php?rest_route=\/wp\/v2\/posts\/31529\/revisions"}],"wp:attachment":[{"href":"https:\/\/www.invarena.cz\/index.php?rest_route=%2Fwp%2Fv2%2Fmedia&parent=31529"}],"wp:term":[{"taxonomy":"category","embeddable":true,"href":"https:\/\/www.invarena.cz\/index.php?rest_route=%2Fwp%2Fv2%2Fcategories&post=31529"},{"taxonomy":"post_tag","embeddable":true,"href":"https:\/\/www.invarena.cz\/index.php?rest_route=%2Fwp%2Fv2%2Ftags&post=31529"}],"curies":[{"name":"wp","href":"https:\/\/api.w.org\/{rel}","templated":true}]}}