{"id":31533,"date":"2019-04-18T15:05:34","date_gmt":"2019-04-18T13:05:34","guid":{"rendered":"http:\/\/www.invarena.cz\/?p=31533"},"modified":"2019-04-18T15:05:34","modified_gmt":"2019-04-18T13:05:34","slug":"na-pomoc-postizenym-bezi-drazba","status":"publish","type":"post","link":"https:\/\/www.invarena.cz\/?p=31533","title":{"rendered":"Na pomoc posti\u017een\u00fdm b\u011b\u017e\u00ed dra\u017eba"},"content":{"rendered":"<p><strong>Finan\u010dn\u00ed v\u00fdt\u011b\u017eek p\u016fjde na rehabilitaci dvou handicapovan\u00fdch d\u00edvek.<\/strong> <!--more--><\/p>\n<p>\u00dasteck\u00fd kraj \u2013 Rodiny s handicapovan\u00fdmi \u010di t\u011b\u017ece nemocn\u00fdmi d\u011btmi to maj\u00ed v \u017eivot\u011b t\u011b\u017ek\u00e9. Nejen\u017ee je tr\u00e1p\u00ed slabost jejich ratolesti, nav\u00edc jen t\u011b\u017eko sh\u00e1n\u011bj\u00ed pen\u00edze na finan\u010dn\u011b n\u00e1kladnou l\u00e9\u010dbu a procedury, kter\u00e9 jsou s diagn\u00f3zami spojen\u00e9. Obzvl\u00e1\u0161\u0165 kdy\u017e kv\u016fli 24hodinov\u00e9 p\u00e9\u010di o d\u00edt\u011b nemohou pracovat. Najdou se ale lid\u00e9, kter\u00fdm jejich osud nen\u00ed lhostejn\u00fd. Dv\u011bma hol\u010di\u010dk\u00e1m z D\u011b\u010d\u00ednska a \u00dastecka nyn\u00ed pom\u00e1haj\u00ed V\u011bra a Roman Rathousk\u00fd z R\u016f\u017eov\u00e9.<\/p>\n<p>Man\u017eel\u00e9 se rozhodli handicapovan\u00fdm d\u00edvenk\u00e1m pomoci uspo\u0159\u00e1d\u00e1n\u00edm internetov\u00e9 dra\u017eby na soci\u00e1ln\u00ed s\u00edti Facebook. Nen\u00ed to v\u0161ak prvn\u00ed takov\u00fd po\u010din, nejen mezi m\u00edstn\u00edmi jsou zn\u00e1m\u00ed t\u00edm, \u017ee organizovali benefi\u010dn\u00ed koncert, jeho\u017e v\u00fdt\u011b\u017eek v\u017edy putoval vybran\u00e9mu d\u00edt\u011bti. Nyn\u00ed jde o dra\u017ebu, se kterou u\u017e tak\u00e9 maj\u00ed zku\u0161enost. &#8222;Pro Johanku a Ad\u00e9lku d\u011bl\u00e1me dra\u017ebu v\u011bc\u00ed, jeliko\u017e jako v\u0161echny nemocn\u00e9 d\u011bti pot\u0159ebuj\u00ed pomoc a rodiny to nemaj\u00ed v\u016fbec jednoduch\u00e9.<br \/>\nPen\u00edze budou pou\u017eity na rehabilitace a pobyty, kter\u00e9 poji\u0161\u0165ovny neplat\u00ed,&#8220; uvedla po\u0159adatelka dra\u017eby V\u011bra Rathousk\u00e1.<\/p>\n<p>JAK POSTUPOVAT<\/p>\n<p>Prost\u0159ednictv\u00edm facebookov\u00e9 ud\u00e1losti &#8222;Dra\u017eba v\u011bc\u00ed pro Ad\u00e9lku a Johanku&#8220; se mohou na po\u0159adatele obr\u00e1tit lid\u00e9, kte\u0159\u00ed by cht\u011bli pomoci. Ti maj\u00ed hned n\u011bkolik mo\u017enost\u00ed. Bu\u010f v\u011bci, kter\u00e9 by r\u00e1di v\u011bnovali, doma nafot\u00ed a po\u0161lou po\u0159adatel\u016fm a posl\u00e9ze m\u016f\u017ee prob\u011bhnout jejich p\u0159ed\u00e1n\u00ed, nebo v\u011bci man\u017eel\u016fm p\u0159ivezou a ti se o v\u0161e postaraj\u00ed. Do dra\u017eby mohou v\u011bnovat tak\u0159ka cokoli. M\u016f\u017ee j\u00edt o hezk\u00e9 oble\u010den\u00ed, dekoraci do bytu, \u0161perky, bi\u017euterii, ply\u0161ov\u00e9 hra\u010dky, hrne\u010dky a podobn\u011b.<\/p>\n<p>Fotografie se objev\u00ed na facebookov\u00e9 str\u00e1nce a lid\u00e9 pak k v\u011bcem, o kter\u00e9 maj\u00ed z\u00e1jem, mohou prost\u0159ednictv\u00edm koment\u00e1\u0159\u016f pod fotografi\u00ed nab\u00edzet, za kolik korun by je koupili. Nejvy\u0161\u0161\u00ed mo\u017en\u00e1 \u010d\u00e1stka vyhr\u00e1v\u00e1.<\/p>\n<p>Ve\u0161ker\u00fd v\u00fdt\u011b\u017eek z dra\u017eby, kter\u00e1 potrv\u00e1 do 29. dubna, po\u0159adatel\u00e9 rozd\u011bl\u00ed Johance a Ad\u00e9lce.<\/p>\n<p>P\u0158\u00cd\u010cINA NEZN\u00c1M\u00c1<\/p>\n<p>Johanka Zaj\u00edcov\u00e1 z Verne\u0159ic je 13let\u00e1 d\u00edvka s t\u011b\u017ek\u00fdm kombinovan\u00fdm posti\u017een\u00fdm. P\u0159\u00ed\u010dina hendikepu l\u00e9ka\u0159\u016fm st\u00e1le nen\u00ed zn\u00e1m\u00e1. Jako miminko absolvovala svou prvn\u00ed cestu sanitkou po o\u010dkov\u00e1n\u00ed proti tuberkul\u00f3ze. Pozd\u011bji za\u010dala kolabovat a n\u00e1sledovala \u0159ada vy\u0161et\u0159en\u00ed.<\/p>\n<p>&#8222;V l\u00e9ka\u0159sk\u00fdch zpr\u00e1v\u00e1ch m\u00e1 Johanka nyn\u00ed naps\u00e1no t\u011b\u017ek\u00e9 kombinovan\u00e9 posti\u017een\u00ed \u2013 cerebel\u00e1rn\u00ed syndrom, dyspraxie, opo\u017ed\u011bn\u00fd v\u00fdvoj jemn\u00e9 motoriky, t\u011b\u017ek\u00e1 ment\u00e1ln\u00ed retardace, epileptick\u00e1 encefalopatie, astigmatismus, hypotonie, podez\u0159en\u00ed na autismus, alergie na lepek, lakt\u00f3zu, kravskou b\u00edlkovinu a tak d\u00e1le,&#8220; popsala Johan\u010dina maminka Jana Zaj\u00edcov\u00e1.<\/p>\n<p>Johanka se neum\u00ed sama naj\u00edst, nap\u00edt, obl\u00e9ct, um\u00fdt, neudr\u017e\u00ed tu\u017eku, aby namalovala obr\u00e1zek a nemluv\u00ed. Je mo\u017en\u00e9 j\u00ed pomoci tak\u00e9 prost\u0159ednictv\u00edm transparentn\u00edho \u00fa\u010dtu 2100810819 \/ 2010.<\/p>\n<p>Ad\u00e9lka Nov\u00e1kov\u00e1 z Povrl\u016f se narodila zd\u00e1nliv\u011b zdrav\u00e1, ve 2 m\u011bs\u00edc\u00edch se ale u n\u00ed objevil prvn\u00ed epileptick\u00fd z\u00e1chvat. N\u00e1sledn\u011b l\u00e9ka\u0159i zjistili, \u017ee j\u00ed epilepsii zp\u016fsobily \u010detn\u00e9 z\u00e1va\u017en\u00e9 vrozen\u00e9 vady mozku. &#8222;S nimi je spojena farmakorezistentn\u00ed epilepsie, hypotonie, levostrann\u00fd hemisyndrom, tak\u00e9 opo\u017ed\u011bn\u00fd psychomotorick\u00fd v\u00fdvoj, astigmatismus a centr\u00e1ln\u00ed porucha zraku,&#8220; p\u0159ibl\u00ed\u017eila maminka Kate\u0159ina Nov\u00e1kov\u00e1.<\/p>\n<p>U Ad\u00e9lky se objevily i oboustrann\u00e1 skoli\u00f3za a plochono\u017e\u00ed a bort\u00edc\u00ed se klenba. Nos\u00ed m\u011bkk\u00fd korzet a ort\u00e9zy na ob\u011b no\u017eky a je pravd\u011bpodobn\u00e9, \u017ee se nevyhne operaci.<\/p>\n<p>Ad\u00e9lka je ve sv\u00fdch 8 letech na \u00farovni ro\u010dn\u00edho a\u017e dvoulet\u00e9ho d\u00edt\u011bte. Lid\u00e9 j\u00ed mohou pomoci prost\u0159ednictv\u00edm \u00fa\u010dtu 2901281216 \/ 2010.<\/p>\n<p>JITKA VEP\u0158OVSK\u00c1<br \/>\nD\u011b\u010d\u00ednsk\u00fd den\u00edk<br \/>\n<a href=\"http:\/\/www.decinsky.denik.cz\/\" target=\"_blank\" rel=\"noopener noreferrer\">http:\/\/www.decinsky.denik.cz\/<\/a><\/p>\n","protected":false},"excerpt":{"rendered":"<div class=\"mh-excerpt\"><p>Finan\u010dn\u00ed v\u00fdt\u011b\u017eek p\u016fjde na rehabilitaci dvou handicapovan\u00fdch d\u00edvek.<\/p>\n<\/div>","protected":false},"author":1,"featured_media":0,"comment_status":"open","ping_status":"closed","sticky":false,"template":"","format":"standard","meta":{"footnotes":""},"categories":[9],"tags":[],"class_list":["post-31533","post","type-post","status-publish","format-standard","hentry","category-zpravy"],"_links":{"self":[{"href":"https:\/\/www.invarena.cz\/index.php?rest_route=\/wp\/v2\/posts\/31533","targetHints":{"allow":["GET"]}}],"collection":[{"href":"https:\/\/www.invarena.cz\/index.php?rest_route=\/wp\/v2\/posts"}],"about":[{"href":"https:\/\/www.invarena.cz\/index.php?rest_route=\/wp\/v2\/types\/post"}],"author":[{"embeddable":true,"href":"https:\/\/www.invarena.cz\/index.php?rest_route=\/wp\/v2\/users\/1"}],"replies":[{"embeddable":true,"href":"https:\/\/www.invarena.cz\/index.php?rest_route=%2Fwp%2Fv2%2Fcomments&post=31533"}],"version-history":[{"count":0,"href":"https:\/\/www.invarena.cz\/index.php?rest_route=\/wp\/v2\/posts\/31533\/revisions"}],"wp:attachment":[{"href":"https:\/\/www.invarena.cz\/index.php?rest_route=%2Fwp%2Fv2%2Fmedia&parent=31533"}],"wp:term":[{"taxonomy":"category","embeddable":true,"href":"https:\/\/www.invarena.cz\/index.php?rest_route=%2Fwp%2Fv2%2Fcategories&post=31533"},{"taxonomy":"post_tag","embeddable":true,"href":"https:\/\/www.invarena.cz\/index.php?rest_route=%2Fwp%2Fv2%2Ftags&post=31533"}],"curies":[{"name":"wp","href":"https:\/\/api.w.org\/{rel}","templated":true}]}}