{"id":31613,"date":"2019-05-10T10:22:12","date_gmt":"2019-05-10T08:22:12","guid":{"rendered":"http:\/\/www.invarena.cz\/?p=31613"},"modified":"2019-06-04T14:15:04","modified_gmt":"2019-06-04T12:15:04","slug":"jsem-invalidni-a-presto-nemam-narok-na-invalidni-duchod","status":"publish","type":"post","link":"https:\/\/www.invarena.cz\/?p=31613","title":{"rendered":"Jsem invalidn\u00ed a p\u0159esto nem\u00e1m n\u00e1rok na invalidn\u00ed d\u016fchod"},"content":{"rendered":"<p><strong>Nem\u00e1m pr\u00fd na invalidn\u00ed\u00a0d\u016fchod n\u00e1rok, proto\u017ee pro jeho p\u0159izn\u00e1n\u00ed nespl\u0148uji podm\u00ednku pot\u0159ebn\u00e9 doby poji\u0161t\u011bn\u00ed. Co m\u00e1m d\u011blat?\u00a0<\/strong><!--more--><\/p>\n<p>Odpov\u011b\u010f:<\/p>\n<p>Pokud nespl\u0148ujete podm\u00ednku pot\u0159ebn\u00e9 doby poji\u0161t\u011bn\u00ed pro n\u00e1rok na invalidn\u00ed d\u016fchod, nebude v\u00e1m p\u0159izn\u00e1n. Nicm\u00e9n\u011b odborn\u00edci doporu\u010duj\u00ed \u0159e\u0161it situaci se m\u00edstn\u011b p\u0159\u00edslu\u0161nou pobo\u010dkou \u010cSSZ, kde by m\u011bli poskytnout informace, jak si p\u0159\u00edpadn\u011b zajistit n\u00e1rok na invalidn\u00ed d\u016fchod doplacen\u00edm chyb\u011bj\u00edc\u00ed doby poji\u0161t\u011bn\u00ed.<\/p>\n<p>Podm\u00ednka pot\u0159ebn\u00e9 doby poji\u0161t\u011bn\u00ed se v\u0161ak nevy\u017eaduje v\u00a0p\u0159\u00edpad\u011b, \u017ee invalidita vznikla n\u00e1sledkem pracovn\u00edho \u00farazu \u010di nemoci z\u00a0povol\u00e1n\u00ed.<\/p>\n<p>Podm\u00ednka doby poji\u0161t\u011bn\u00ed pro p\u0159izn\u00e1n\u00ed invalidn\u00edho d\u016fchodu je u\u00a0poji\u0161t\u011bnce:<\/p>\n<ul>\n<li>do 20 let m\u00e9n\u011b ne\u017e 1 rok,<\/li>\n<li>od 20 do 22 let 1 rok,<\/li>\n<li>od 22 let do 24 let 2 roky,<\/li>\n<li>od 24 let do 26 let 3 roky,<\/li>\n<li>od 26 let do 28 let 4 roky,<\/li>\n<li>nad 28 let 5 let.<\/li>\n<\/ul>\n<p>Pot\u0159ebn\u00e1 doba poji\u0161t\u011bn\u00ed pro n\u00e1rok na invalidn\u00ed d\u016fchod se zji\u0161\u0165uje z\u00a0obdob\u00ed p\u0159ed vznikem invalidity, a\u00a0jde-li o\u00a0poji\u0161t\u011bnce ve v\u011bku nad 28 let, z\u00a0posledn\u00edch deseti rok\u016f p\u0159ed vznikem invalidity. U\u00a0poji\u0161t\u011bnce star\u0161\u00edho 38 let se podm\u00ednka pot\u0159ebn\u00e9 doby poji\u0161t\u011bn\u00ed pro n\u00e1rok na invalidn\u00ed d\u016fchod pova\u017euje za spln\u011bnou t\u00e9\u017e, byla-li tato doba z\u00edsk\u00e1na v\u00a0obdob\u00ed posledn\u00edch 20 let p\u0159ed vznikem invalidity; pot\u0159ebn\u00e1 doba poji\u0161t\u011bn\u00ed \u010din\u00ed p\u0159itom 10 rok\u016f. Podm\u00ednka pot\u0159ebn\u00e9 doby poji\u0161t\u011bn\u00ed pro n\u00e1rok na invalidn\u00ed d\u016fchod se pova\u017euje za spln\u011bnou t\u00e9\u017e, byla-li tato doba z\u00edsk\u00e1na v\u00a0kter\u00e9mkoliv obdob\u00ed deseti rok\u016f dokon\u010den\u00e9m po vzniku invalidity; u\u00a0poji\u0161t\u011bnce mlad\u0161\u00edho 24 let \u010din\u00ed p\u0159itom pot\u0159ebn\u00e1 doba poji\u0161t\u011bn\u00ed dva roky.<\/p>\n<p>Pokud ale pot\u0159ebnou dobu poji\u0161t\u011bn\u00ed nespl\u0148ujeme, pod\u00edvejme se, zda nespl\u0148ujeme tzv. n\u00e1hradn\u00ed dobu poji\u0161t\u011bn\u00ed. To je\u00a0obdob\u00ed, ve kter\u00e9m se neodv\u00e1d\u00ed \u017e\u00e1dn\u00e9 pojistn\u00e9, p\u0159esto se tyto doby za ur\u010dit\u00fdch podm\u00ednek zapo\u010d\u00edt\u00e1vaj\u00ed do pot\u0159ebn\u00fdch let poji\u0161t\u011bn\u00ed pro d\u016fchod.<\/p>\n<p>N\u00e1hradn\u00ed doba poji\u0161t\u011bn\u00ed se t\u00fdk\u00e1:<\/p>\n<ul>\n<li>osob, kter\u00e9 se soustavn\u011b p\u0159ipravuj\u00ed na budouc\u00ed povol\u00e1n\u00ed studiem na st\u0159edn\u00ed nebo vy\u0161\u0161\u00ed odborn\u00e9 \u0161kole (d\u00e1le jen &#8222;st\u0159edn\u00ed \u0161kola&#8220;) nebo vysok\u00e9 \u0161kole v\u00a0\u010cesk\u00e9 republice, a\u00a0to po dobu prvn\u00edch \u0161esti let tohoto studia po dosa\u017een\u00ed v\u011bku 18 let v\u00a0obdob\u00ed p\u0159ed r. 2010,<\/li>\n<li>osob veden\u00fdch v\u00a0evidenci \u00fa\u0159adu pr\u00e1ce jako uchaze\u010di o\u00a0zam\u011bstn\u00e1n\u00ed po dobu, po kterou jim n\u00e1le\u017e\u00ed podpora v\u00a0nezam\u011bstnanosti nebo podpora p\u0159i rekvalifikaci, a\u00a0v rozsahu nejv\u00fd\u0161e t\u0159\u00ed let t\u00e9\u017e po dobu, po kterou jim podpora v\u00a0nezam\u011bstnanosti nebo podpora p\u0159i rekvalifikaci nen\u00e1le\u017e\u00ed s\u00a0t\u00edm, \u017ee tato doba t\u0159\u00ed let se zji\u0161\u0165uje zp\u011btn\u011b ode dne vzniku n\u00e1roku na d\u016fchod, doba, po kterou podpora v\u00a0nezam\u011bstnanosti nebo podpora p\u0159i rekvalifikaci nen\u00e1le\u017eela p\u0159ed dosa\u017een\u00edm v\u011bku 55 let, se do n\u00ed zapo\u010d\u00edt\u00e1v\u00e1 v\u00a0rozsahu nejv\u00fd\u0161e 1 roku a\u00a0nezapo\u010d\u00edt\u00e1v\u00e1 se do n\u00ed jin\u00e1 n\u00e1hradn\u00ed doba poji\u0161t\u011bn\u00ed nebo doba poji\u0161t\u011bn\u00ed, kter\u00e9 se kryj\u00ed s\u00a0dobou, po kterou je osoba vedena v\u00a0evidenci uchaze\u010d\u016f o\u00a0zam\u011bstn\u00e1n\u00ed; za dobu, po kterou n\u00e1le\u017e\u00ed podpora v\u00a0nezam\u011bstnanosti, se p\u0159itom pova\u017euje t\u00e9\u017e doba, po kterou se podpora v\u00a0nezam\u011bstnanosti neposkytuje z\u00a0d\u016fvodu, \u017ee osob\u011b veden\u00e9 v\u00a0evidenci uchaze\u010d\u016f o\u00a0zam\u011bstn\u00e1n\u00ed p\u0159\u00edslu\u0161\u00ed odstupn\u00e9, odbytn\u00e9 nebo odchodn\u00e9,<\/li>\n<li>osob se zdravotn\u00edm posti\u017een\u00edm za\u0159azen\u00fdch v\u00a0teoretick\u00e9 a\u00a0praktick\u00e9 p\u0159\u00edprav\u011b pro zam\u011bstn\u00e1n\u00ed nebo jinou v\u00fdd\u011ble\u010dnou \u010dinnost,<\/li>\n<li>osob konaj\u00edc\u00edch vojenskou slu\u017ebu v\u00a0ozbrojen\u00fdch sil\u00e1ch \u010cesk\u00e9 republiky, pokud nejde o\u00a0voj\u00e1ky z\u00a0povol\u00e1n\u00ed a\u00a0voj\u00e1ky v\u00a0dal\u0161\u00ed slu\u017eb\u011b (do 30.\u00a06.\u00a02016),<\/li>\n<li>osob konaj\u00edc\u00edch civiln\u00ed slu\u017ebu (do\u00a031. 12.\u00a02004),<\/li>\n<li>osob pe\u010duj\u00edc\u00edch osobn\u011b o\u00a0d\u00edt\u011b ve v\u011bku do \u010dty\u0159 let,<\/li>\n<li>osob pe\u010duj\u00edc\u00edch osobn\u011b o\u00a0osobu mlad\u0161\u00ed 10 let, kter\u00e1 je z\u00e1visl\u00e1 na p\u00e9\u010di jin\u00e9 osoby ve stupni I (lehk\u00e1 z\u00e1vislost) nebo osobu jak\u00e9hokoliv v\u011bku, kter\u00e1 je z\u00e1visl\u00e1 na p\u00e9\u010di jin\u00e9 osoby ve stupni II (st\u0159edn\u011b t\u011b\u017ek\u00e1 z\u00e1vislost) nebo stupni III (t\u011b\u017ek\u00e1 z\u00e1vislost) anebo stupni IV (\u00fapln\u00e1 z\u00e1vislost), pokud spolu \u017eij\u00ed v\u00a0dom\u00e1cnosti; podm\u00ednka dom\u00e1cnosti se nevy\u017eaduje, jde-li o\u00a0bl\u00edzkou osobu,<\/li>\n<li>po\u017eivatel\u016f invalidn\u00edho d\u016fchodu pro invaliditu t\u0159et\u00edho stupn\u011b [\u00a7 39 odst. 2 p\u00edsm. c) z\u00e1kona \u010d. 155\/1995 Sb.] z\u00a0\u010desk\u00e9ho poji\u0161t\u011bn\u00ed, a\u00a0to do dosa\u017een\u00ed v\u011bku pot\u0159ebn\u00e9ho pro vznik n\u00e1roku na starobn\u00ed d\u016fchod podle \u00a7 32; za po\u017eivatele invalidn\u00edho d\u016fchodu pro invaliditu t\u0159et\u00edho stupn\u011b [\u00a7 39 odst. 2 p\u00edsm. c)] se pro \u00fa\u010dely \u00fa\u010dasti na poji\u0161t\u011bn\u00ed pova\u017euj\u00ed t\u00e9\u017e osoby, kter\u00e9 nepob\u00edraj\u00ed tento d\u016fchod, av\u0161ak spl\u0148uj\u00ed podm\u00ednky n\u00e1roku na tento d\u016fchod a\u00a0pob\u00edraj\u00ed v\u00fdsluhov\u00fd p\u0159\u00edsp\u011bvek nebo p\u0159\u00edsp\u011bvek za slu\u017ebu podle zvl\u00e1\u0161tn\u00edch z\u00e1kon\u016f,<\/li>\n<li>osob, u\u00a0nich\u017e po skon\u010den\u00ed v\u00fdd\u011ble\u010dn\u00e9 \u010dinnosti, kter\u00e1 zakl\u00e1dala \u00fa\u010dast na nemocensk\u00e9m poji\u0161t\u011bn\u00ed podle zvl\u00e1\u0161tn\u00edho p\u0159edpisu, trv\u00e1:\n<ul>\n<li>do\u010dasn\u00e1 pracovn\u00ed neschopnost, kterou si nep\u0159ivodily \u00famysln\u011b, pokud tato do\u010dasn\u00e1 pracovn\u00ed neschopnost vznikla v\u00a0dob\u011b t\u00e9to v\u00fdd\u011ble\u010dn\u00e9 \u010dinnosti nebo v\u00a0ochrann\u00e9 lh\u016ft\u011b podle zvl\u00e1\u0161tn\u00edho p\u0159edpisu,<\/li>\n<li>karant\u00e9na na\u0159\u00edzen\u00e1 podle zvl\u00e1\u0161tn\u00edho pr\u00e1vn\u00edho p\u0159edpisu v\u00a0dob\u011b t\u00e9to v\u00fdd\u011ble\u010dn\u00e9 \u010dinnosti nebo v\u00a0ochrann\u00e9 lh\u016ft\u011b podle zvl\u00e1\u0161tn\u00edho pr\u00e1vn\u00edho p\u0159edpisu,<\/li>\n<li>podp\u016fr\u010d\u00ed doba pro poskytov\u00e1n\u00ed o\u0161et\u0159ovn\u00e9ho,<\/li>\n<li>podp\u016fr\u010d\u00ed doba pro poskytov\u00e1n\u00ed pen\u011b\u017eit\u00e9 pomoci v\u00a0mate\u0159stv\u00ed v\u00a0obdob\u00ed p\u0159ed porodem.<\/li>\n<\/ul>\n<\/li>\n<li>osob, kter\u00fdm je poskytov\u00e1na zvl\u00e1\u0161tn\u00ed ochrana a\u00a0pomoc na z\u00e1klad\u011b z\u00e1kona o\u00a0ochran\u011b sv\u011bdka a\u00a0dal\u0161\u00edch osob v\u00a0souvislosti s\u00a0trestn\u00edm \u0159\u00edzen\u00edm<\/li>\n<li>Od 1. 2. 2018 je n\u00e1hradn\u00ed dobou poji\u0161t\u011bn\u00ed doba trv\u00e1n\u00ed podp\u016fr\u010d\u00ed doby u\u00a0d\u00e1vky otcovsk\u00e9 poporodn\u00ed p\u00e9\u010de v\u00a0dob\u011b po skon\u010den\u00ed v\u00fdd\u011ble\u010dn\u00e9 \u010dinnosti, kter\u00e1 zakl\u00e1dala \u00fa\u010dast na nemocensk\u00e9m poji\u0161t\u011bn\u00ed.<\/li>\n<li>N\u00e1hradn\u00ed dobou poji\u0161t\u011bn\u00ed ji\u017e od 1. 2. 2018 nen\u00ed doba vojensk\u00e9 slu\u017eby, nejde-li\u00a0 o\u00a0voj\u00e1ky z\u00a0povol\u00e1n\u00ed nebo voj\u00e1ky v\u00a0z\u00e1loze ve v\u00fdkonu vojensk\u00e9 \u010dinn\u00e9 slu\u017eby. Jako n\u00e1hradn\u00ed dobu poji\u0161t\u011bn\u00ed ji lze hodnotit pouze, jde-li o\u00a0dobu z\u00edskanou do 30. 6. 2016.<\/li>\n<\/ul>\n<p>&nbsp;<\/p>\n<p>Pokud ob\u010dan nem\u016f\u017ee vyu\u017e\u00edt ani jednu z v\u00fd\u0161e uveden\u00fdch mo\u017enost\u00ed a je zcela bez p\u0159\u00edjmu, je mo\u017en\u00e9 se obr\u00e1tit na p\u0159\u00edslu\u0161n\u00e9 kontaktn\u00ed pracovi\u0161t\u011b krajsk\u00e9 pobo\u010dky \u00da\u0159adu pr\u00e1ce \u010cR poskytuj\u00edc\u00ed d\u00e1vky st\u00e1tn\u00ed soci\u00e1ln\u00ed podpory a d\u00e1vky v hmotn\u00e9 nouzi.<\/p>\n<p>redakce invArena<\/p>\n<h2><\/h2>\n","protected":false},"excerpt":{"rendered":"<div class=\"mh-excerpt\"><p>Nem\u00e1m pr\u00fd na invalidn\u00ed\u00a0d\u016fchod n\u00e1rok, proto\u017ee pro jeho p\u0159izn\u00e1n\u00ed nespl\u0148uji podm\u00ednku pot\u0159ebn\u00e9 doby poji\u0161t\u011bn\u00ed. Co m\u00e1m d\u011blat?\u00a0<\/p>\n<\/div>","protected":false},"author":1,"featured_media":10615,"comment_status":"open","ping_status":"closed","sticky":false,"template":"","format":"standard","meta":{"footnotes":""},"categories":[18],"tags":[],"class_list":["post-31613","post","type-post","status-publish","format-standard","has-post-thumbnail","hentry","category-poradna"],"_links":{"self":[{"href":"https:\/\/www.invarena.cz\/index.php?rest_route=\/wp\/v2\/posts\/31613","targetHints":{"allow":["GET"]}}],"collection":[{"href":"https:\/\/www.invarena.cz\/index.php?rest_route=\/wp\/v2\/posts"}],"about":[{"href":"https:\/\/www.invarena.cz\/index.php?rest_route=\/wp\/v2\/types\/post"}],"author":[{"embeddable":true,"href":"https:\/\/www.invarena.cz\/index.php?rest_route=\/wp\/v2\/users\/1"}],"replies":[{"embeddable":true,"href":"https:\/\/www.invarena.cz\/index.php?rest_route=%2Fwp%2Fv2%2Fcomments&post=31613"}],"version-history":[{"count":0,"href":"https:\/\/www.invarena.cz\/index.php?rest_route=\/wp\/v2\/posts\/31613\/revisions"}],"wp:featuredmedia":[{"embeddable":true,"href":"https:\/\/www.invarena.cz\/index.php?rest_route=\/wp\/v2\/media\/10615"}],"wp:attachment":[{"href":"https:\/\/www.invarena.cz\/index.php?rest_route=%2Fwp%2Fv2%2Fmedia&parent=31613"}],"wp:term":[{"taxonomy":"category","embeddable":true,"href":"https:\/\/www.invarena.cz\/index.php?rest_route=%2Fwp%2Fv2%2Fcategories&post=31613"},{"taxonomy":"post_tag","embeddable":true,"href":"https:\/\/www.invarena.cz\/index.php?rest_route=%2Fwp%2Fv2%2Ftags&post=31613"}],"curies":[{"name":"wp","href":"https:\/\/api.w.org\/{rel}","templated":true}]}}