{"id":31629,"date":"2019-05-15T11:47:17","date_gmt":"2019-05-15T09:47:17","guid":{"rendered":"http:\/\/www.invarena.cz\/?p=31629"},"modified":"2019-05-15T11:47:17","modified_gmt":"2019-05-15T09:47:17","slug":"silaci-na-jihu-cech-predvadeli-skvele-vykony","status":"publish","type":"post","link":"https:\/\/www.invarena.cz\/?p=31629","title":{"rendered":"Sil\u00e1ci na jihu \u010cech p\u0159edv\u00e1d\u011bli skv\u011bl\u00e9 v\u00fdkony"},"content":{"rendered":"<p><strong>Na jihu \u010cech prob\u011bhlo II.kolo Poh\u00e1ru \u010cR v benchpressu (v tlaku \u010dinky na lavi\u010dce) v bezbari\u00e9rov\u00e9 hale po\u0159adatele \u2013 1. Centra zdravotn\u011b posti\u017een\u00fdch ji\u017en\u00edch \u010cech v \u010c. Bud\u011bjovic\u00edch.<\/strong> <!--more--><\/p>\n<p>\u010cesk\u00e9 Bud\u011bjovice \u2013 Bylo to druh\u00e9 kolo ze \u010dty\u0159, dal\u0161\u00ed absolvovali te\u010f o v\u00edkendu a pak vyraz\u00ed k \u010dink\u00e1m 9.6..<\/p>\n<p>V kategorii zrakov\u011b posti\u017een\u00fdch vzp\u011bra\u010d\u016f zv\u00edt\u011bzil Martin Bih\u00e1ry v\u00fdkonem 160 kg, za n\u00edm z\u016fstal Michal Rok\u016fsek se 100 kg, na t\u0159et\u00edm Josef Camfrla se 70 kg. V\u00fdsledky byly p\u0159epo\u010d\u00edt\u00e1ny Wilksov\u00fdm koeficientem.<\/p>\n<p>Mezi t\u011blesn\u011b posti\u017een\u00fdmi vynikl Karel Scho\u0159, kter\u00fd poko\u0159il \u010dinku o v\u00e1ze 135 kg. Jako druh\u00fd skon\u010dil Jakub Nov\u00e1k v\u00fdkonem 120 kg, t\u0159et\u00ed Martin Tomka, kdy\u017e se mu poda\u0159ilo vytla\u010dit \u010dinku o v\u00e1ze 85 kg.<\/p>\n<p>Adam \u0160oh\u00e1jek se mezi sportovci s intelektu\u00e1ln\u00edm posti\u017een\u00edm um\u00edstil na prvn\u00edm m\u00edst\u011b v\u00fdkonem 95 kg, za n\u00edm \u0160t\u011bp\u00e1n Chonka zdolal \u010dinku o v\u00e1ze 75 kg a Zde\u0148kovi Pletzerovi se poda\u0159ilo poko\u0159it \u010dinku o hmotnosti 75 kg (op\u011bt rozhodl Wilks\u016fv koefient).<\/p>\n<p>V kategorii kvadruplegik\u016f se op\u011bt uk\u00e1zal ve st\u00e1le v\u00fdborn\u00e9 form\u011b Mat\u011bj Havel se 60 kg a Luk\u00e1\u0161 \u0160afr v\u00fdkonem 70 kg z\u0159ejm\u011b moc spokojen\u00fd nebyl, nebo\u0165 se mu v I. kole Poh\u00e1ru \u010cR poda\u0159il v\u00fdkon 80 kg. &#8222;Tito sportovci sout\u011b\u017e\u00ed na p\u0159\u00edstroji multipress,&#8220; dopl\u0148uje \u0159editel 1. CZP Jiho\u010desk\u00e9ho kraje Ji\u0159\u00ed Sm\u00e9kal.<\/p>\n<p>Tak\u00e9 dv\u011b \u017eeny si vyzkou\u0161ely svoji kondici a mezi sportovkyn\u011bmi s kvadruplegi\u00ed Veronika \u0160k\u00e1vov\u00e1 a Blanka \u0160kopkov\u00e1 zvedly shodn\u011b 35 kg.<\/p>\n<p>&#8222;Vrcholem sezony bude t\u0159in\u00e1ct\u00e9ho \u0159\u00edjna mistrovstv\u00ed \u010cesk\u00e9 republiky v benchpressu a \u00fa\u010dast jednoho sportovce se zrakov\u00fdm posti\u017een\u00edm, osmin\u00e1sobn\u00e9ho mistra sv\u011bta v benchpressu Martina Bih\u00e1ryho na sv\u011btov\u00e9m \u0161ampion\u00e1tu v Egypt\u011b-Gize v listopadu.&#8220;<\/p>\n<p>Tren\u00e9r 1. Centra zdravotn\u011b posti\u017een\u00fdch J\u010c v \u010cesk\u00fdch Bud\u011bjovic\u00edch Ji\u0159\u00ed Sm\u00e9kal, ocenil p\u0159\u00edtomn\u00e9 sportovce a pod\u011bkoval jim za pravidelnou p\u0159\u00edpravu. &#8222;P\u0159\u00edpadn\u00fdm z\u00e1jemc\u016fm o benchpress r\u00e1di poskytneme bli\u017e\u0161\u00ed informace,&#8220; vzkazuje handicapovan\u00fdm sportovc\u016fm do cel\u00e9ho Jiho\u010desk\u00e9ho kraje (tel: 604 718 304, nebo na www.1czpjc.cz).<\/p>\n<p>KAMIL J\u00c1\u0160A<br \/>\n\u010ceskobud\u011bjovick\u00fd den\u00edk<br \/>\n<a href=\"http:\/\/ceskobudejovicky.denik.cz\/\" target=\"_blank\" rel=\"noopener noreferrer\">http:\/\/ceskobudejovicky.denik.cz\/<\/a><\/p>\n","protected":false},"excerpt":{"rendered":"<div class=\"mh-excerpt\"><p>Na jihu \u010cech prob\u011bhlo II.kolo Poh\u00e1ru \u010cR v benchpressu (v tlaku \u010dinky na lavi\u010dce) v bezbari\u00e9rov\u00e9 hale po\u0159adatele \u2013 1. Centra zdravotn\u011b posti\u017een\u00fdch ji\u017en\u00edch \u010cech <a class=\"mh-excerpt-more\" href=\"https:\/\/www.invarena.cz\/?p=31629\" title=\"Sil\u00e1ci na jihu \u010cech p\u0159edv\u00e1d\u011bli skv\u011bl\u00e9 v\u00fdkony\">[&#8230;]<\/a><\/p>\n<\/div>","protected":false},"author":1,"featured_media":12624,"comment_status":"open","ping_status":"closed","sticky":false,"template":"","format":"standard","meta":{"footnotes":""},"categories":[9],"tags":[],"class_list":["post-31629","post","type-post","status-publish","format-standard","has-post-thumbnail","hentry","category-zpravy"],"_links":{"self":[{"href":"https:\/\/www.invarena.cz\/index.php?rest_route=\/wp\/v2\/posts\/31629","targetHints":{"allow":["GET"]}}],"collection":[{"href":"https:\/\/www.invarena.cz\/index.php?rest_route=\/wp\/v2\/posts"}],"about":[{"href":"https:\/\/www.invarena.cz\/index.php?rest_route=\/wp\/v2\/types\/post"}],"author":[{"embeddable":true,"href":"https:\/\/www.invarena.cz\/index.php?rest_route=\/wp\/v2\/users\/1"}],"replies":[{"embeddable":true,"href":"https:\/\/www.invarena.cz\/index.php?rest_route=%2Fwp%2Fv2%2Fcomments&post=31629"}],"version-history":[{"count":0,"href":"https:\/\/www.invarena.cz\/index.php?rest_route=\/wp\/v2\/posts\/31629\/revisions"}],"wp:featuredmedia":[{"embeddable":true,"href":"https:\/\/www.invarena.cz\/index.php?rest_route=\/wp\/v2\/media\/12624"}],"wp:attachment":[{"href":"https:\/\/www.invarena.cz\/index.php?rest_route=%2Fwp%2Fv2%2Fmedia&parent=31629"}],"wp:term":[{"taxonomy":"category","embeddable":true,"href":"https:\/\/www.invarena.cz\/index.php?rest_route=%2Fwp%2Fv2%2Fcategories&post=31629"},{"taxonomy":"post_tag","embeddable":true,"href":"https:\/\/www.invarena.cz\/index.php?rest_route=%2Fwp%2Fv2%2Ftags&post=31629"}],"curies":[{"name":"wp","href":"https:\/\/api.w.org\/{rel}","templated":true}]}}