{"id":31638,"date":"2019-05-15T15:02:11","date_gmt":"2019-05-15T13:02:11","guid":{"rendered":"http:\/\/www.invarena.cz\/?p=31638"},"modified":"2019-05-15T15:18:46","modified_gmt":"2019-05-15T13:18:46","slug":"oprava-invalidniho-voziku-dostala-lenku-temer-na-dno","status":"publish","type":"post","link":"https:\/\/www.invarena.cz\/?p=31638","title":{"rendered":"Oprava invalidn\u00edho voz\u00edku dostala Lenku t\u00e9m\u011b\u0159 na dno"},"content":{"rendered":"<p><span style=\"color: #000000;\"><span style=\"font-family: Cambria,serif;\"><b>Rozbit\u00e1 pra\u010dka a z\u00e1vada na elektrick\u00e9m invalidn\u00edm voz\u00edku se pro paraplegi\u010dku Lenku a jej\u00ed malou dceru m\u00e1lem staly likvida\u010dn\u00ed. Proto\u017ee byl rodinn\u00fd rozpo\u010det u\u017e tak napjat\u00fd, musela kv\u016fli oprav\u011b obou za\u0159\u00edzen\u00ed s\u00e1hnout po kontokorentu. Postupn\u011b rostouc\u00ed \u00faroky ji v\u0161ak vehnaly do dluhov\u00e9 pasti. Zachr\u00e1nil ji finan\u010dn\u00ed p\u0159\u00edsp\u011bvek Soci\u00e1ln\u00edho nada\u010dn\u00edho fondu m\u011bsta Brna a Jihomoravsk\u00e9ho kraje (SNF).<\/b><\/span><\/span><!--more--><\/p>\n<p><span style=\"color: #000000;\">\u201e<span style=\"font-family: Cambria,serif;\"><i>SNF p\u016fsob\u00ed jako rychl\u00e1 finan\u010dn\u00ed injekce, kter\u00e1 m\u00e1 za \u00fakol odvr\u00e1tit<\/i><span lang=\"en-US\"><i> \u00fapln\u00fd<\/i><\/span><i> soci\u00e1ln\u00ed propad lid\u00ed, kte\u0159\u00ed se \u2013 \u010dasto ne svoj\u00ed vinou \u2013 ocitli v\u00a0t\u00ed\u017eiv\u00e9 \u017eivotn\u00ed situaci,\u201c<\/i> vysv\u011btluje p\u0159edsedkyn\u011b spr\u00e1vn\u00ed rady SNF a prim\u00e1torka m\u011bsta Brna Mark\u00e9ta Va\u0148kov\u00e1.<\/span><\/span><\/p>\n<p><span style=\"color: #000000;\"><span style=\"font-family: Cambria,serif;\">D\u016fvodem vzniku SNF byla mezera v\u00a0syst\u00e9mu. Pro \u0159adu netypick\u00fdch soci\u00e1ln\u00edch p\u0159\u00edpad\u016f toti\u017e neexistuj\u00ed d\u00e1vky. Proto v\u00a0situac\u00edch, kdy selh\u00e1vaj\u00ed standardn\u00ed n\u00e1stroje soci\u00e1ln\u00ed pomoci, pom\u00e1h\u00e1 <span lang=\"en-US\">SNF. <\/span>\u017d\u00e1dosti o p\u0159\u00edsp\u011bvky p\u0159ij\u00edm\u00e1 fond v\u00a0pr\u016fb\u011bhu cel\u00e9ho roku. Jednou za \u010dtvrtlet\u00ed <span lang=\"de-DE\">se sch\u00e1z\u00ed<\/span> spr\u00e1vn\u00ed rada, kter\u00e1 rozhodne o konkr\u00e9tn\u00ed finan\u010dn\u00ed podpo\u0159<span lang=\"pt-PT\">e. <\/span><\/span><\/span><\/p>\n<p><span style=\"color: #000000;\"><span style=\"font-family: Cambria,serif;\">Ztr\u00e1ta zam\u011bstn\u00e1n\u00ed kv\u016fli \u00farazu, nedobrovoln\u00e9 st\u011bhov\u00e1n\u00ed, kter\u00e9 zp\u016fsobily dluhy partnera, balancov\u00e1n\u00ed nad dluhovou past\u00ed kv\u016fli chyb\u011bj\u00edc\u00ed<span lang=\"pt-PT\">m aliment\u016fm<\/span>, n\u00edzk\u00e9 p\u0159\u00edjmy, ze kter\u00fdch nen\u00ed mo\u017en\u00e9 uhradit eduka\u010dn\u00ed akci pro nadanou dceru \u2013 to jsou jen st\u0159\u00edpky smutn\u00fdch p\u0159\u00edb\u011bh\u016f, kter\u00fdmi se ka\u017ed\u00e9 \u010dtvrtlet\u00ed prob\u00edraj\u00ed pracovn\u00edci ze <span lang=\"en-US\">SNF<\/span>. Letos<span lang=\"es-ES-u-co-trad\"> podali<\/span> pomocnou ruku 39 lidem, kte\u0159\u00ed se ocitli v\u00a0krizi, a p\u0159isp\u011bli \u010d\u00e1stkou ve v\u00fd\u0161i 514 597 korun.<\/span><\/span><\/p>\n<p><span style=\"color: #000000;\">\u201e<span style=\"font-family: Cambria,serif;\"><i>\u010casto se na n\u00e1s obracej\u00ed lid\u00e9, kte\u0159\u00ed nemaj\u00ed \u017e\u00e1dn<\/i><\/span><span lang=\"fr-FR\"><i>\u00e9 <\/i><\/span><i>rodinn<\/i><span lang=\"fr-FR\"><i>\u00e9 <\/i><\/span><span lang=\"it-IT\"><i>ani soci<\/i><\/span><i>\u00e1ln\u00ed z\u00e1zem\u00ed. Dlouhodob\u011b \u017eij\u00ed na hranici minima a nejsou schopni vytv\u00e1\u0159<\/i><span lang=\"it-IT\"><i>et si finan<\/i><\/span><i>\u010dn\u00ed rezervy. Do existen\u010dn\u00ed krize je pak dok\u00e1\u017ee p\u0159iv\u00e9st i n\u00e1hl\u00e1 ztr\u00e1ta zam\u011bstn\u00e1n\u00ed nebo p\u00e1r ne\u010dekan\u00fdch v\u00fddaj\u016f,<\/i>\u201c uv\u00e1d\u00ed m\u00edstop\u0159edsedkyn\u011b SNF Monika \u0160korp\u00edkov\u00e1.<\/span><\/p>\n<p><span style=\"color: #000000;\"><span style=\"font-family: Cambria,serif;\">Finan\u010dn\u00ed prost\u0159edky z\u00a0<span lang=\"fr-FR\">fondu v<\/span>\u00a0prvn\u00edm \u010dtvrtlet\u00ed poslou\u017eily nap\u0159\u00edklad na \u00fahradu zdravotn\u00edch pom\u016fcek, doplatk\u016f na l\u00e9ky, speci\u00e1ln\u00ed techniky pro voz\u00ed\u010dk\u00e1\u0159e, pom\u016fcek pro d\u011bti nebo z\u00e1kladn\u00ed<span lang=\"pt-PT\"> dom<\/span>\u00e1c\u00ed vybaven\u00ed pro ty, je\u017e se rozhodli v\u00a0<span lang=\"sv-SE\">bydlen<\/span>\u00ed osamostatnit.<\/span><\/span><\/p>\n<p><span style=\"color: #000000;\">\u201e<span style=\"font-family: Cambria,serif;\"><i>P\u0159i rozhodov\u00e1n\u00ed o schv\u00e1len\u00ed \u017e\u00e1dosti je pro n\u00e1s v\u00a0t\u011bchto p\u0159\u00edpadech d\u016fle\u017eit\u00e9 i doporu\u010den\u00ed soci\u00e1ln\u00edch pracovn\u00edk\u016f m\u00edstn\u011b p\u0159\u00edslu\u0161n\u00e9ho org\u00e1nu soci\u00e1ln\u011bpr\u00e1vn\u00ed ochrany d\u00edt\u011bte nebo neziskov\u00fdch organizac\u00ed, kter<\/i><\/span><span lang=\"fr-FR\"><i>\u00e9 <\/i><\/span><i>jsou s\u00a0\u017eadateli v p\u0159\u00edm\u00e9m\u00a0kontaktu,\u201c<\/i> dopl\u0148uje \u0160korp\u00edkov\u00e1.<\/span><\/p>\n<p class=\"western\"><span style=\"font-family: Cambria,serif;\"><span style=\"font-size: medium;\"><span lang=\"pt-PT\">Rozpo\u010det, se kter\u00fdm fond disponuje, poch\u00e1z\u00ed z ve\u0159ejn\u00fdch i soukrom\u00fdch zdroj\u016f. SNF aktivn\u011b oslovuje i nov\u00e9 don\u00e1tory. <\/span><\/span><\/span><span style=\"font-family: Cambria,serif;\"><span style=\"font-size: medium;\">Zapojit se m\u016f\u017ee i \u0161irok\u00e1 ve\u0159ejnost, jednor\u00e1zov<\/span><\/span><span style=\"font-family: Cambria,serif;\"><span style=\"font-size: medium;\"><span lang=\"fr-FR\">\u00e9 <\/span><\/span><\/span><span style=\"font-family: Cambria,serif;\"><span style=\"font-size: medium;\">nebo dlouhodob<\/span><\/span><span style=\"font-family: Cambria,serif;\"><span style=\"font-size: medium;\"><span lang=\"fr-FR\">\u00e9 <\/span><\/span><\/span><span style=\"font-family: Cambria,serif;\"><span style=\"font-size: medium;\">p\u0159\u00edsp\u011bvky mohou lid<\/span><\/span><span style=\"font-family: Cambria,serif;\"><span style=\"font-size: medium;\"><span lang=\"fr-FR\">\u00e9 <\/span><\/span><\/span><span style=\"font-family: Cambria,serif;\"><span style=\"font-size: medium;\">pos\u00edlat na transparentn\u00ed bankovn\u00ed \u00fa\u010d<\/span><\/span><span style=\"font-family: Cambria,serif;\"><span style=\"font-size: medium;\"><span lang=\"nl-NL\">et ve<\/span><\/span><\/span><span style=\"font-family: Cambria,serif;\"><span style=\"font-size: medium;\">\u0159ejn<\/span><\/span><span style=\"font-family: Cambria,serif;\"><span style=\"font-size: medium;\"><span lang=\"fr-FR\">\u00e9 <\/span><\/span><\/span><span style=\"font-family: Cambria,serif;\"><span style=\"font-size: medium;\">sb\u00edrky SNF: <\/span><\/span><u><a href=\"https:\/\/www.moneta.cz\/firmy\/instituce-a-verejna-sprava\/transparentni-ucty\/001\/-\/transparent-account\/225782453\">225782453\/0600<\/a><\/u><span style=\"font-family: Cambria,serif;\"><span style=\"font-size: medium;\">.<\/span><\/span><\/p>\n<h3 class=\"western\">\u201eJednoho dne ode\u0161el do pr\u00e1ce a u\u017e se nevr\u00e1til,\u201c popisuje sv\u016fj p\u0159\u00edb\u011bh pan\u00ed Hana<\/h3>\n<p><b>Pan\u00ed Hanu opustil ze dne na den man\u017eel, nechal po sob\u011b dluh ve v\u00fd\u0161i 600 tis\u00edc korun a rodina kv\u016fli n\u011bmu p\u0159i\u0161la o byt. \u201e<\/b><i><b>Kdyby nebylo rodi\u010d\u016f, nejsp\u00ed\u0161 skon\u010d\u00edm s\u00a0d\u011btmi n\u011bkde na ulici. Na vyst\u011bhov\u00e1n\u00ed jsme m\u011bli jen 6 hodin,\u201c<\/b><\/i><b> popisuje sv\u00e9 vzpom\u00ednky pan\u00ed Hana.\u00a0<\/b><\/p>\n<p>U rodi\u010d\u016f bydlela se sv\u00fdmi syny (13 a 17 let) p\u0159ibli\u017en\u011b m\u011bs\u00edc. Bydli\u0161t\u011b rodi\u010d\u016f v\u0161ak bylo tak daleko, \u017ee se dlouhodob\u011b nedalo zvl\u00e1dat doj\u00ed\u017ed\u011bn\u00ed za prac\u00ed a do \u0161koly.<\/p>\n<p>Tato situace je brzy donutila hledat si bli\u017e\u0161\u00ed bydlen\u00ed. Kv\u016fli napjat\u00e9mu finan\u010dn\u00edmu rozpo\u010dtu, ze kter\u00e9ho ka\u017ed\u00fd m\u011bs\u00edc odch\u00e1z\u00ed 4 000 na spl\u00e1tky man\u017eelov\u00fdch dluh\u016f, se uch\u00fdlili do azylov\u00e9ho domu.<\/p>\n<p><i>\u201eNajednou jsme se ocitli mezi skupinou lid\u00ed, kter\u00fdm nevad\u00ed b\u00fdt cel\u00fd \u017eivot z\u00e1visl\u00ed jen na soci\u00e1ln\u00edch d\u00e1vk\u00e1ch a pracovat na\u010derno. Vzd\u011bl\u00e1n\u00ed nep\u0159ikl\u00e1daj\u00ed v\u00fdraznou v\u00e1hu. Podle m\u011b je \u0161kola z\u00e1klad, co\u017e u\u010d\u00edm i kluky,\u201c<\/i> vysv\u011btluje pan\u00ed Hana.<\/p>\n<p>Jej\u00edmu man\u017eelovi mezit\u00edm soud vym\u011b\u0159il alimenty. Z\u00a0t\u011bch nezaplatil ani korunu. Dlu\u017en\u00e1 suma se doposud vy\u0161plhala na 200 tis\u00edc korun. \u201e<i>\u00dapln\u011b se mnou p\u0159estal komunikovat. Pozd\u011bji se ob\u010das ozval, kdy\u017e cht\u011bl vid\u011bt kluky. V\u00a0tom jsem mu nebr\u00e1nila, nechci d\u011bti pou\u017e\u00edvat jako rukojm\u00ed pro zaplacen\u00ed aliment\u016f. Je to po\u0159\u00e1d jejich otec, chci, aby spolu m\u011bli dobr\u00fd vztah,\u201c <\/i>pokra\u010duje pan\u00ed Hana.<\/p>\n<p>Kv\u016fli nezaplacen\u00fdm aliment\u016fm, kter\u00e9 j\u00ed v\u00a0u\u017e tak omezen\u00e9m rozpo\u010dtu v\u00fdrazn\u011b sch\u00e1zely, na n\u011bj podala trestn\u00ed ozn\u00e1men\u00ed. Proto\u017ee ne\u0161lo o jedin\u00fd \u0161kraloup jej\u00edho mu\u017ee, soud ho za to poslal do v\u011bzen\u00ed na 12 m\u011bs\u00edc\u016f nepodm\u00edn\u011bn\u011b.<\/p>\n<p>V\u00a0t\u00e9to chv\u00edli jsou ji\u017e rozveden\u00ed. Man\u017eelstv\u00ed skon\u010dilo po 16 letech. Pan\u00ed Hana nyn\u00ed pracuje na sv\u00e9m oddlu\u017een\u00ed a tak\u00e9 na zaji\u0161t\u011bn\u00ed bydlen\u00ed v\u00a0lep\u0161\u00edch podm\u00ednk\u00e1ch. Za pomoci Soci\u00e1ln\u00edho nada\u010dn\u00edho fondu se mohla po 2 letech v\u00a0azylov\u00e9m dom\u011b odst\u011bhovat do pronajat\u00e9ho bytu.<\/p>\n<p><i>\u201eFond mi p\u0159isp\u011bl na \u00fahradu kauce a prvn\u00edho n\u00e1jemn\u00e9ho. To je pro n\u00e1s obrovsk\u00e1 pomoc. Kdo se nikdy nedostal na \u00fapln\u00e9 dno, nedok\u00e1\u017ee si p\u0159edstavit, jak vd\u011b\u010dn\u00ed jsme za jakoukoliv podporu,\u201c<\/i> uzav\u00edr\u00e1 pan\u00ed Hana.<\/p>\n<p>Po odchodu man\u017eela se zhroutila ona i jej\u00ed d\u011bti. N\u011bkolik m\u011bs\u00edc\u016f str\u00e1vila v\u00a0p\u00e9\u010di psychiatra. Nyn\u00ed se j\u00ed postupn\u011b da\u0159\u00ed d\u00e1vat sv\u016fj \u017eivot do po\u0159\u00e1dku \u2013 m\u00e1 pr\u00e1ci, kter\u00e1 ji bav\u00ed, synov\u00e9 prosp\u00edvaj\u00ed ve \u0161kole a kone\u010dn\u011b se nast\u011bhovali do podn\u00e1jmu, kde m\u00e1 ka\u017ed\u00fd z\u00a0nich sv\u016fj pokoj.<\/p>\n","protected":false},"excerpt":{"rendered":"<div class=\"mh-excerpt\"><p>Rozbit\u00e1 pra\u010dka a z\u00e1vada na elektrick\u00e9m invalidn\u00edm voz\u00edku se pro paraplegi\u010dku Lenku a jej\u00ed malou dceru m\u00e1lem staly likvida\u010dn\u00ed. Proto\u017ee byl rodinn\u00fd rozpo\u010det u\u017e tak <a class=\"mh-excerpt-more\" href=\"https:\/\/www.invarena.cz\/?p=31638\" title=\"Oprava invalidn\u00edho voz\u00edku dostala Lenku t\u00e9m\u011b\u0159 na dno\">[&#8230;]<\/a><\/p>\n<\/div>","protected":false},"author":1,"featured_media":20469,"comment_status":"open","ping_status":"closed","sticky":false,"template":"","format":"standard","meta":{"footnotes":""},"categories":[9],"tags":[],"class_list":["post-31638","post","type-post","status-publish","format-standard","has-post-thumbnail","hentry","category-zpravy"],"_links":{"self":[{"href":"https:\/\/www.invarena.cz\/index.php?rest_route=\/wp\/v2\/posts\/31638","targetHints":{"allow":["GET"]}}],"collection":[{"href":"https:\/\/www.invarena.cz\/index.php?rest_route=\/wp\/v2\/posts"}],"about":[{"href":"https:\/\/www.invarena.cz\/index.php?rest_route=\/wp\/v2\/types\/post"}],"author":[{"embeddable":true,"href":"https:\/\/www.invarena.cz\/index.php?rest_route=\/wp\/v2\/users\/1"}],"replies":[{"embeddable":true,"href":"https:\/\/www.invarena.cz\/index.php?rest_route=%2Fwp%2Fv2%2Fcomments&post=31638"}],"version-history":[{"count":0,"href":"https:\/\/www.invarena.cz\/index.php?rest_route=\/wp\/v2\/posts\/31638\/revisions"}],"wp:featuredmedia":[{"embeddable":true,"href":"https:\/\/www.invarena.cz\/index.php?rest_route=\/wp\/v2\/media\/20469"}],"wp:attachment":[{"href":"https:\/\/www.invarena.cz\/index.php?rest_route=%2Fwp%2Fv2%2Fmedia&parent=31638"}],"wp:term":[{"taxonomy":"category","embeddable":true,"href":"https:\/\/www.invarena.cz\/index.php?rest_route=%2Fwp%2Fv2%2Fcategories&post=31638"},{"taxonomy":"post_tag","embeddable":true,"href":"https:\/\/www.invarena.cz\/index.php?rest_route=%2Fwp%2Fv2%2Ftags&post=31638"}],"curies":[{"name":"wp","href":"https:\/\/api.w.org\/{rel}","templated":true}]}}