{"id":31653,"date":"2019-05-17T10:58:13","date_gmt":"2019-05-17T08:58:13","guid":{"rendered":"http:\/\/www.invarena.cz\/?p=31653"},"modified":"2019-05-17T10:58:13","modified_gmt":"2019-05-17T08:58:13","slug":"koncert-v-akordu-pro-autistickou-verunku-nabidne-spoustu-hvezd","status":"publish","type":"post","link":"https:\/\/www.invarena.cz\/?p=31653","title":{"rendered":"Koncert v Akordu pro autistickou Verunku nab\u00eddne spoustu hv\u011bzd"},"content":{"rendered":"<p><strong>D\u016fm kultury Akord po\u0159\u00e1d\u00e1 spole\u010dn\u011b s D\u011btsk\u00fdm sborov\u00fdm studiem Ostrava-Jih benefi\u010dn\u00ed koncert, kter\u00fd se uskute\u010dn\u00ed v ned\u011bli 26. kv\u011btna 2019 a b\u011bhem zhruba dvou hodin se na p\u00f3diu vyst\u0159\u00eddaj\u00ed des\u00edtky muzikant\u016f a hudebn\u00edch host\u016f.<\/strong> <!--more--><\/p>\n<p>T\u011b\u0161it se m\u016f\u017eete na sbory DSS, Annu K, Lenku Hr\u016fzovou, T\u0159i vyk\u0159i\u010dn\u00edky, Sasaband. C\u00edlem t\u00e9to benefice je upozornit na t\u00e9ma d\u011btsk\u00e9ho autismu a spolu s t\u00edm tak\u00e9 finan\u010dn\u011b pomoci rodin\u011b autistick\u00e9 hol\u010di\u010dky Verunky Zobalov\u00e9, kter\u00e9 bude v\u00fdt\u011b\u017eek z t\u00e9to akce v\u011bnov\u00e1n. Darovan\u00e9 pen\u00edze rodi\u010de pou\u017eij\u00ed nejen na terapie, ale tak\u00e9 na asisten\u010dn\u00ed odleh\u010dovac\u00ed slu\u017eby.<\/p>\n<p>Koncertu budou p\u0159edch\u00e1zet men\u0161\u00ed benefi\u010dn\u00ed akce (d\u00edlni\u010dky, jarmarky), kter\u00e9 se budou konat v r\u016fzn\u00fdch sp\u0159\u00edzn\u011bn\u00fdch \u0161kol\u00e1ch. V\u00fdt\u011b\u017eek z t\u011bchto doprovodn\u00fdch aktivit a koncertu bude p\u0159ed\u00e1n rodin\u011b mal\u00e9 Verunky, kter\u00e1 byla takovou vlnou solidarity \u00fapln\u011b zasko\u010dena.<\/p>\n<p>Verunka Zobalov\u00e1, poch\u00e1zej\u00edc\u00ed z ostravsk\u00e9 \u010d\u00e1sti Dubina, m\u00e1 \u010dty\u0159i roky, ale ment\u00e1ln\u011b se pohybuje mezi 18 a\u017e 24 m\u011bs\u00edci. Nerozum\u00ed, nen\u00ed schopna jak\u00e9koli komunikace. Je siln\u011b hyperaktivn\u00ed, neklidn\u00e1 a velice p\u0159ecitliv\u011bl\u00e1. Pro jej\u00ed rodi\u010de, kte\u0159\u00ed se o Verunku staraj\u00ed de facto bez podpory, je to velk\u00fd probl\u00e9m, se kter\u00fdm sv\u00e1d\u00ed ka\u017edodenn\u00ed boj.<\/p>\n<p>Autismus nen\u00ed nemoc, ale porucha a \u017e\u00e1dn\u00fd autista nen\u00ed stejn\u00fd. Hodn\u011b z\u00e1le\u017e\u00ed na m\u00ed\u0159e posti\u017een\u00ed, na tom, jak je naru\u0161ena schopnost komunikace, soci\u00e1ln\u00ed interakce a hry. Spole\u010dnost o autismu moc nev\u00ed, proto\u017ee v\u011bt\u0161inou mal\u00e9 autistick\u00e9 d\u011bt\u00ed, na prvn\u00ed pohled vypadaj\u00ed jako b\u011b\u017en\u00e9 d\u011bti, p\u0159\u00edpadn\u011b si o nich okol\u00ed mysl\u00ed, \u017ee jsou nevychovan\u00e9 a divn\u00e9.<\/p>\n<p>&#8222;V\u011b\u0159\u00edm, \u017ee hodn\u011b v\u011bc\u00ed se autist\u00e9 mohou nau\u010dit, a \u010d\u00edm d\u0159\u00edve se s nimi za\u010dne pracovat, t\u00edm v\u011bt\u0161\u00ed maj\u00ed \u0161anci \u017e\u00edt pro n\u00e1s norm\u00e1ln\u00ed \u017eivot,&#8220; \u0159\u00edk\u00e1 Verun\u010dina maminka Kate\u0159ina Zobalov\u00e1.<\/p>\n<p>&#8222;Bohu\u017eel rodi\u010de se mus\u00ed sna\u017eit sami hledat informace a n\u00e1vody, jak s d\u011btmi pracovat, a terapie nejsou hrazen\u00e9 ze zdravotn\u00edho poji\u0161t\u011bn\u00ed. My to m\u00e1me o to t\u011b\u017e\u0161\u00ed, \u017ee jsme na to s man\u017eelem \u00fapln\u011b sami, bez podpory rodiny \u010di p\u0159\u00e1tel. Verunka vy\u017eaduje velice intenzivn\u00ed p\u00e9\u010di, do toho mus\u00edme st\u00edhat chodit do pr\u00e1ce (j\u00e1 m\u00e1m pr\u00e1ci na \u010d\u00e1ste\u010dn\u00fd \u00favazek a man\u017eel brig\u00e1dni\u010d\u00ed po noc\u00edch), na terapie a k doktor\u016fm. Na vlastn\u00ed odpo\u010dinek nebo na udr\u017eov\u00e1n\u00ed man\u017eelstv\u00ed moc \u010dasu nezb\u00fdv\u00e1, a to nen\u00ed dlouhodob\u011b udr\u017eiteln\u00e9.&#8220;<\/p>\n<p>Moravskoslezsk\u00fd den\u00edk<br \/>\n<a href=\"https:\/\/moravskoslezsky.denik.cz\/\" target=\"_blank\" rel=\"noopener noreferrer\">https:\/\/moravskoslezsky.denik.cz\/<\/a><\/p>\n","protected":false},"excerpt":{"rendered":"<div class=\"mh-excerpt\"><p>D\u016fm kultury Akord po\u0159\u00e1d\u00e1 spole\u010dn\u011b s D\u011btsk\u00fdm sborov\u00fdm studiem Ostrava-Jih benefi\u010dn\u00ed koncert, kter\u00fd se uskute\u010dn\u00ed v ned\u011bli 26. kv\u011btna 2019 a b\u011bhem zhruba dvou hodin <a class=\"mh-excerpt-more\" href=\"https:\/\/www.invarena.cz\/?p=31653\" title=\"Koncert v Akordu pro autistickou Verunku nab\u00eddne spoustu hv\u011bzd\">[&#8230;]<\/a><\/p>\n<\/div>","protected":false},"author":1,"featured_media":0,"comment_status":"open","ping_status":"closed","sticky":false,"template":"","format":"standard","meta":{"footnotes":""},"categories":[9],"tags":[],"class_list":["post-31653","post","type-post","status-publish","format-standard","hentry","category-zpravy"],"_links":{"self":[{"href":"https:\/\/www.invarena.cz\/index.php?rest_route=\/wp\/v2\/posts\/31653","targetHints":{"allow":["GET"]}}],"collection":[{"href":"https:\/\/www.invarena.cz\/index.php?rest_route=\/wp\/v2\/posts"}],"about":[{"href":"https:\/\/www.invarena.cz\/index.php?rest_route=\/wp\/v2\/types\/post"}],"author":[{"embeddable":true,"href":"https:\/\/www.invarena.cz\/index.php?rest_route=\/wp\/v2\/users\/1"}],"replies":[{"embeddable":true,"href":"https:\/\/www.invarena.cz\/index.php?rest_route=%2Fwp%2Fv2%2Fcomments&post=31653"}],"version-history":[{"count":0,"href":"https:\/\/www.invarena.cz\/index.php?rest_route=\/wp\/v2\/posts\/31653\/revisions"}],"wp:attachment":[{"href":"https:\/\/www.invarena.cz\/index.php?rest_route=%2Fwp%2Fv2%2Fmedia&parent=31653"}],"wp:term":[{"taxonomy":"category","embeddable":true,"href":"https:\/\/www.invarena.cz\/index.php?rest_route=%2Fwp%2Fv2%2Fcategories&post=31653"},{"taxonomy":"post_tag","embeddable":true,"href":"https:\/\/www.invarena.cz\/index.php?rest_route=%2Fwp%2Fv2%2Ftags&post=31653"}],"curies":[{"name":"wp","href":"https:\/\/api.w.org\/{rel}","templated":true}]}}