{"id":31775,"date":"2019-06-03T18:18:13","date_gmt":"2019-06-03T16:18:13","guid":{"rendered":"http:\/\/www.invarena.cz\/?p=31775"},"modified":"2019-06-03T18:18:13","modified_gmt":"2019-06-03T16:18:13","slug":"chomutov-se-pripoji-k-vyspelym-evropskym-mestum-dvanact-mist-osadi-eurozamkem","status":"publish","type":"post","link":"https:\/\/www.invarena.cz\/?p=31775","title":{"rendered":"Chomutov se p\u0159ipoj\u00ed k vysp\u011bl\u00fdm evropsk\u00fdm m\u011bst\u016fm, dvan\u00e1ct m\u00edst osad\u00ed euroz\u00e1mkem"},"content":{"rendered":"<p><strong>M\u011bsto Chomutov se m\u016f\u017ee nov\u011b py\u0161nit v\u00edce ne\u017e des\u00edtkou m\u00edst osazen\u00fdch euroz\u00e1mkem. Ten umo\u017e\u0148uje d\u016fstojnou dostupnost soci\u00e1ln\u00edch a technick\u00fdch za\u0159\u00edzen\u00ed, jako jsou nap\u0159. v\u00fdtahy, svisl\u00e9 a schodi\u0161\u0165ov\u00e9 plo\u0161iny nebo ve\u0159ejn\u00e9 toalety.<\/strong><!--more--><\/p>\n<p>Cel\u00fd \u010dl\u00e1nek naleznete v Parlamentn\u00edch Listech: <a href=\"https:\/\/www.parlamentnilisty.cz\/politika\/obce-volicum\/Chomutov-se-pripoji-k-vyspelym-evropskym-mestum-dvanact-mist-osadi-eurozamkem-583922\" target=\"_blank\" rel=\"noopener noreferrer\">ZDE<\/a><\/p>\n","protected":false},"excerpt":{"rendered":"<div class=\"mh-excerpt\"><p>M\u011bsto Chomutov se m\u016f\u017ee nov\u011b py\u0161nit v\u00edce ne\u017e des\u00edtkou m\u00edst osazen\u00fdch euroz\u00e1mkem. Ten umo\u017e\u0148uje d\u016fstojnou dostupnost soci\u00e1ln\u00edch a technick\u00fdch za\u0159\u00edzen\u00ed, jako jsou nap\u0159. v\u00fdtahy, svisl\u00e9 <a class=\"mh-excerpt-more\" href=\"https:\/\/www.invarena.cz\/?p=31775\" title=\"Chomutov se p\u0159ipoj\u00ed k vysp\u011bl\u00fdm evropsk\u00fdm m\u011bst\u016fm, dvan\u00e1ct m\u00edst osad\u00ed euroz\u00e1mkem\">[&#8230;]<\/a><\/p>\n<\/div>","protected":false},"author":1,"featured_media":452,"comment_status":"open","ping_status":"closed","sticky":false,"template":"","format":"standard","meta":{"footnotes":""},"categories":[9],"tags":[],"class_list":["post-31775","post","type-post","status-publish","format-standard","has-post-thumbnail","hentry","category-zpravy"],"_links":{"self":[{"href":"https:\/\/www.invarena.cz\/index.php?rest_route=\/wp\/v2\/posts\/31775","targetHints":{"allow":["GET"]}}],"collection":[{"href":"https:\/\/www.invarena.cz\/index.php?rest_route=\/wp\/v2\/posts"}],"about":[{"href":"https:\/\/www.invarena.cz\/index.php?rest_route=\/wp\/v2\/types\/post"}],"author":[{"embeddable":true,"href":"https:\/\/www.invarena.cz\/index.php?rest_route=\/wp\/v2\/users\/1"}],"replies":[{"embeddable":true,"href":"https:\/\/www.invarena.cz\/index.php?rest_route=%2Fwp%2Fv2%2Fcomments&post=31775"}],"version-history":[{"count":0,"href":"https:\/\/www.invarena.cz\/index.php?rest_route=\/wp\/v2\/posts\/31775\/revisions"}],"wp:featuredmedia":[{"embeddable":true,"href":"https:\/\/www.invarena.cz\/index.php?rest_route=\/wp\/v2\/media\/452"}],"wp:attachment":[{"href":"https:\/\/www.invarena.cz\/index.php?rest_route=%2Fwp%2Fv2%2Fmedia&parent=31775"}],"wp:term":[{"taxonomy":"category","embeddable":true,"href":"https:\/\/www.invarena.cz\/index.php?rest_route=%2Fwp%2Fv2%2Fcategories&post=31775"},{"taxonomy":"post_tag","embeddable":true,"href":"https:\/\/www.invarena.cz\/index.php?rest_route=%2Fwp%2Fv2%2Ftags&post=31775"}],"curies":[{"name":"wp","href":"https:\/\/api.w.org\/{rel}","templated":true}]}}