{"id":31793,"date":"2019-06-05T17:33:15","date_gmt":"2019-06-05T15:33:15","guid":{"rendered":"http:\/\/www.invarena.cz\/?p=31793"},"modified":"2019-06-05T17:33:15","modified_gmt":"2019-06-05T15:33:15","slug":"studenti-fakulty-zdravotnickych-studii-zcu-se-slozili-na-lavicku-ktera-zdobi-i-pomaha-zaroven","status":"publish","type":"post","link":"https:\/\/www.invarena.cz\/?p=31793","title":{"rendered":"Studenti Fakulty zdravotnick\u00fdch studi\u00ed Z\u010cU se slo\u017eili na lavi\u010dku, kter\u00e1 zdob\u00ed i pom\u00e1h\u00e1 z\u00e1rove\u0148"},"content":{"rendered":"<p><strong>Plze\u0148 po roce op\u011bt ozdobily pestrobarevn\u011b pomalovan\u00e9 lavi\u010dky. Jejich autory jsou studenti St\u0159edn\u00ed odborn\u00e9 \u0161koly obchodu, u\u017eitn\u00e9ho um\u011bn\u00ed a designu v Nerudov\u011b ulici a krom\u011b toho, \u017ee jsou lavi\u010dky vizu\u00e1ln\u011b atraktivn\u00ed, tak\u00e9 pom\u00e1haj\u00ed handicapovan\u00fdm.<\/strong><!--more--><\/p>\n<p>Cel\u00fd \u010dl\u00e1nek naleznete na novinky.cz: <a href=\"https:\/\/www.novinky.cz\/vase-zpravy\/plzensky-kraj\/plzen-mesto\/2058-56146-studenti-fakulty-zdravotnickych-studii-zcu-se-slozili-na-lavicku-ktera-zdobi-i-pomaha-zaroven.html\" target=\"_blank\" rel=\"noopener noreferrer\">ZDE<\/a><\/p>\n","protected":false},"excerpt":{"rendered":"<div class=\"mh-excerpt\"><p>Plze\u0148 po roce op\u011bt ozdobily pestrobarevn\u011b pomalovan\u00e9 lavi\u010dky. Jejich autory jsou studenti St\u0159edn\u00ed odborn\u00e9 \u0161koly obchodu, u\u017eitn\u00e9ho um\u011bn\u00ed a designu v Nerudov\u011b ulici a krom\u011b <a class=\"mh-excerpt-more\" href=\"https:\/\/www.invarena.cz\/?p=31793\" title=\"Studenti Fakulty zdravotnick\u00fdch studi\u00ed Z\u010cU se slo\u017eili na lavi\u010dku, kter\u00e1 zdob\u00ed i pom\u00e1h\u00e1 z\u00e1rove\u0148\">[&#8230;]<\/a><\/p>\n<\/div>","protected":false},"author":1,"featured_media":0,"comment_status":"open","ping_status":"closed","sticky":false,"template":"","format":"standard","meta":{"footnotes":""},"categories":[9],"tags":[],"class_list":["post-31793","post","type-post","status-publish","format-standard","hentry","category-zpravy"],"_links":{"self":[{"href":"https:\/\/www.invarena.cz\/index.php?rest_route=\/wp\/v2\/posts\/31793","targetHints":{"allow":["GET"]}}],"collection":[{"href":"https:\/\/www.invarena.cz\/index.php?rest_route=\/wp\/v2\/posts"}],"about":[{"href":"https:\/\/www.invarena.cz\/index.php?rest_route=\/wp\/v2\/types\/post"}],"author":[{"embeddable":true,"href":"https:\/\/www.invarena.cz\/index.php?rest_route=\/wp\/v2\/users\/1"}],"replies":[{"embeddable":true,"href":"https:\/\/www.invarena.cz\/index.php?rest_route=%2Fwp%2Fv2%2Fcomments&post=31793"}],"version-history":[{"count":0,"href":"https:\/\/www.invarena.cz\/index.php?rest_route=\/wp\/v2\/posts\/31793\/revisions"}],"wp:attachment":[{"href":"https:\/\/www.invarena.cz\/index.php?rest_route=%2Fwp%2Fv2%2Fmedia&parent=31793"}],"wp:term":[{"taxonomy":"category","embeddable":true,"href":"https:\/\/www.invarena.cz\/index.php?rest_route=%2Fwp%2Fv2%2Fcategories&post=31793"},{"taxonomy":"post_tag","embeddable":true,"href":"https:\/\/www.invarena.cz\/index.php?rest_route=%2Fwp%2Fv2%2Ftags&post=31793"}],"curies":[{"name":"wp","href":"https:\/\/api.w.org\/{rel}","templated":true}]}}