{"id":31795,"date":"2019-06-05T17:55:18","date_gmt":"2019-06-05T15:55:18","guid":{"rendered":"http:\/\/www.invarena.cz\/?p=31795"},"modified":"2019-06-05T17:55:18","modified_gmt":"2019-06-05T15:55:18","slug":"mladi-handicapovani-sportovci-z-cele-evropy-zabojuji-o-zlato-startuji-evropske-hry-handicapovane-mladeze-emil-open","status":"publish","type":"post","link":"https:\/\/www.invarena.cz\/?p=31795","title":{"rendered":"Mlad\u00ed handicapovan\u00ed sportovci z cel\u00e9 Evropy zabojuj\u00ed o zlato. Startuj\u00ed Evropsk\u00e9 hry handicapovan\u00e9 ml\u00e1de\u017ee Emil Open"},"content":{"rendered":"<p><strong>\u201eDovezu dom\u016f zase medaili?\u201c Tuto ot\u00e1zku si nyn\u00ed klade osmn\u00e1ctilet\u00fd David, kter\u00fd je od narozen\u00ed na voz\u00edku. Co je v\u0161ak v t\u011bchto dnech d\u016fle\u017eit\u00e9, je jeho sportovn\u00ed srdce, kter\u00e9 se nem\u016f\u017ee do\u010dkat, a\u017e pom\u011b\u0159\u00ed s\u00edly s ostatn\u00edmi t\u011blesn\u011b posti\u017een\u00fdmi sportovci p\u0159i osm\u00e9m ro\u010dn\u00edku Evropsk\u00fdch her handicapovan\u00e9 ml\u00e1de\u017ee. Emil Open startuje v Brn\u011b 12. \u010dervna.<\/strong><!--more--><\/p>\n<p>David bude sout\u011b\u017eit v bocce, kde v minul\u00fdch letech z\u00edskal u\u017e dv\u011b bronzov\u00e9 medaile. Krom\u011b tohoto sportu se p\u0159es 500 d\u011bt\u00ed ze 17 evropsk\u00fdch zem\u00ed utk\u00e1 v atletice, plav\u00e1n\u00ed \u010di stoln\u00edm tenise. Handicapovan\u00e9 sportovce \u010dek\u00e1 tak\u00e9 n\u011bkolik novinek. Ve \u010dtvrtek 13. \u010dervna se nap\u0159\u00edklad na Moravsk\u00e9m n\u00e1m\u011bst\u00ed utkaj\u00ed ve slalomu na voz\u00ed\u010dku. Na brn\u011bnsk\u00e9 p\u0159ehrad\u011b si pot\u00e9 zkus\u00ed ParaPaddleboarding.<\/p>\n<p>\u201eSportovat a za\u017e\u00edvat pot\u011b\u0161en\u00ed ze svobodn\u00e9ho pohybu je snem v\u011bt\u0161iny lid\u00ed se zdravotn\u00edm posti\u017een\u00edm. Sport jim p\u0159in\u00e1\u0161\u00ed radost, nad\u0161en\u00ed i uvoln\u011bn\u00ed, nab\u00edz\u00ed tak\u00e9 nov\u00e1 p\u0159\u00e1telstv\u00ed a mo\u017enost zapomenout na ka\u017edodenn\u00ed starosti. Evropsk\u00e9 hry umo\u017en\u00ed mlad\u00fdm sportovc\u016fm se zdravotn\u00edm posti\u017een\u00edm uk\u00e1zat to nejlep\u0161\u00ed, co v nich je, a z\u00edskat tolik d\u016fle\u017eit\u00e9 a mnohdy chyb\u011bj\u00edc\u00ed sebev\u011bdom\u00ed,\u201c \u0159\u00edk\u00e1 prezident organiza\u010dn\u00edho v\u00fdboru Pavel Zbo\u017e\u00ednek.<\/p>\n<p>Sportovci se letos utkaj\u00ed ve t\u0159ech kategori\u00edch \u2013 Open, Masters a Mixed. Kategorie Open je ur\u010dena za\u010d\u00ednaj\u00edc\u00edm i pokro\u010dil\u00fdm handicapovan\u00fdm sportovc\u016fm. Masters se z\u00fa\u010dastn\u00ed kvalifikov\u00e1n\u00ed z\u00e1vodn\u00edci a v kategorii Mixed si spole\u010dn\u011b zasout\u011b\u017e\u00ed handicapovan\u00ed i zdrav\u00ed sportovci.<\/p>\n<p>\u201eV\u016f\u010di handicapovan\u00fdm st\u00e1le panuj\u00ed zbyte\u010dn\u00e9 p\u0159edsudky, co\u017e se sna\u017e\u00edme zm\u011bnit. Krom\u011b kategorie Mixed je proto sou\u010d\u00e1st\u00ed her i \u0159ada akc\u00ed pro \u0161irokou ve\u0159ejnost. Lid\u00e9 si mohou vyzkou\u0161et nap\u0159\u00edklad nov\u00fd sport ParaPaaddleboarding,\u201c dopl\u0148uje Zbo\u017e\u00ednek a dod\u00e1v\u00e1: \u201eHry n\u00e1m pom\u00e1h\u00e1 p\u0159ipravovat v\u00edce ne\u017e 130 dobrovoln\u00edk\u016f.\u201c<\/p>\n<p>Kl\u00e1n\u00ed v atletice, plav\u00e1n\u00ed, stoln\u00edm tenise, boccia (sport, kter\u00fd se podob\u00e1 p\u00e9tanque a je ur\u010den\u00fd lidem, kte\u0159\u00ed jsou odk\u00e1z\u00e1ni na invalidn\u00ed voz\u00edk) i bocce (podobn\u00fd jako boccia s t\u00edm rozd\u00edlem, \u017ee je ur\u010den i pro sportovce s ment\u00e1ln\u00edm posti\u017een\u00edm) se odehraj\u00ed na n\u011bkolika brn\u011bnsk\u00fdch sportovi\u0161t\u00edch. Plavc\u016fm poskytne z\u00e1zem\u00ed sportovn\u00ed are\u00e1l na Krav\u00ed ho\u0159e. Nov\u00fd vodn\u00ed sport ParaPaddleboarding, kter\u00fd je vhodn\u00fd pro v\u011bt\u0161inu lid\u00ed s handicapem, se ve\u0159ejnosti ve sv\u011btov\u00e9 premi\u00e9\u0159e p\u0159edstav\u00ed na brn\u011bnsk\u00e9 p\u0159ehrad\u011b.<\/p>\n<p>Ve sportovn\u00edm are\u00e1lu Vysok\u00e9ho u\u010den\u00ed technick\u00e9ho (VUT) pod Palack\u00e9ho vrchem o medaile zabojuj\u00ed atleti. \u00davodn\u00edho ceremoni\u00e1lu se pr\u00e1v\u011b na tomto m\u00edst\u011b z\u00fa\u010dastn\u00ed i paralympijsk\u00fd v\u00edt\u011bz Ji\u0159\u00ed Je\u017eek. \u201eSport je pro handicapovan\u00e9 d\u011bti a jejich rodi\u010de v jinak n\u00e1ro\u010dn\u00e9m \u017eivot\u011b \u010dasto jedinou mo\u017enou rekrea\u010dn\u00ed aktivitou, co\u017e dod\u00e1v\u00e1 hr\u00e1m Emil Open d\u016fle\u017eit\u00fd rozm\u011br,\u201c \u0159\u00edk\u00e1 Je\u017eek.<\/p>\n<p>Krom\u011b Ji\u0159\u00edho Je\u017eka p\u0159ijedou \u00fa\u010dastn\u00edky Emil Open podpo\u0159it i dal\u0161\u00ed \u00fasp\u011b\u0161n\u00ed handicapovan\u00ed sportovci \u2013 paralympij\u0161t\u00ed v\u00edt\u011bzov\u00e9 Arno\u0161t Petr\u00e1\u010dek, Eva Kacan\u016f, Michaela Balcov\u00e1\u010di Doris Maderov\u00e1.<\/p>\n<p>Leto\u0161n\u00ed Evropsk\u00e9 hry handicapovan\u00e9 ml\u00e1de\u017ee podpo\u0159ilo 8 \u010desk\u00fdch kraj\u016f a m\u011bsto Brno. \u201eJihomoravsk\u00fd kraj podporuje Evropsk\u00e9 hry handicapovan\u00e9 ml\u00e1de\u017ee od sam\u00e9ho za\u010d\u00e1tku a je p\u0159ipraven b\u00fdt partnerem tak\u00e9 v n\u00e1sleduj\u00edc\u00edch letech. Cen\u00edm si zejm\u00e9na skute\u010dnosti, \u017ee Emil Open je nejen o v\u00fdkonech sportovc\u016f v jednotliv\u00fdch discipl\u00edn\u00e1ch, ale umo\u017e\u0148uje p\u0159edev\u0161\u00edm setk\u00e1v\u00e1n\u00ed zdrav\u00fdch a handicapovan\u00fdch sportovc\u016f. Vznikaj\u00ed tak nov\u00e1 p\u0159\u00e1telstv\u00ed a z\u00e1\u017eitky na cel\u00fd \u017eivot,\u201c uv\u00e1d\u00ed Bohumil \u0160imek, hejtman Jihomoravsk\u00e9ho kraje.<\/p>\n<p>Partnerem Emil Open je i m\u011bsto Brno. \u201eJsme r\u00e1di, \u017ee ve m\u011bst\u011b m\u016f\u017eeme p\u0159iv\u00edtat handicapovan\u00e9 sportovce nejen z \u010ceska, ale i cel\u00e9 Evropy. Emil Open pat\u0159\u00ed mezi m\u00e9 obl\u00edben\u00e9 sportovn\u00ed ud\u00e1losti. Sport se zde toti\u017e p\u0159edstav\u00ed ve sv\u00e9 nekomer\u010dn\u00ed, ryz\u00ed podob\u011b, v n\u00ed\u017e jde sp\u00ed\u0161e o radost z pohybu a p\u0159\u00e1telsk\u00e9 m\u011b\u0159en\u00ed sil ne\u017e o vte\u0159iny a rekordy,\u201c dod\u00e1v\u00e1 prim\u00e1torka Mark\u00e9ta Va\u0148kov\u00e1.<\/p>\n<p>Krom\u011b Jihomoravsk\u00e9ho kraje a m\u011bsta Brna akci finan\u010dn\u011b podporuje hlavn\u00ed m\u011bsto Praha, Moravskoslezsk\u00fd, Pardubick\u00fd, St\u0159edo\u010desk\u00fd, Kr\u00e1lov\u00e9hradeck\u00fd, \u00dasteck\u00fd a Jiho\u010desk\u00fd kraj.<\/p>\n<p>Sou\u010d\u00e1st\u00ed Emil Open je krom\u011b sportovn\u00edch aktivit i bohat\u00fd doprovodn\u00fd program. N\u00e1v\u0161t\u011bvn\u00edci se mohou t\u011b\u0161it nap\u0159\u00edklad na benefi\u010dn\u00ed show zn\u00e1m\u00e9ho moder\u00e1tora Jana Krause v brn\u011bnsk\u00e9m kulturn\u00edm centru Semilasso. Moder\u00e1tor se her \u00fa\u010dastn\u00ed pravideln\u011b ji\u017e od prvn\u00edho ro\u010dn\u00edku. \u201eAby m\u011bly pro d\u011bti sportovn\u00ed aktivity plnohodnotnou cenu, mus\u00ed si ob\u010das tak\u00e9 zaz\u00e1vodit. Za\u017e\u00edt prohry, v\u00fdhry, zkr\u00e1tka pravou sportovn\u00ed sout\u011b\u017e,\u201c vysv\u011btluje Kraus, pro\u010d m\u00e1 podle n\u011bj sportovn\u00ed z\u00e1polen\u00ed smysl.<\/p>\n<p>Osm\u00e9 Evropsk\u00e9 hry handicapovan\u00e9 ml\u00e1de\u017ee se uskute\u010dn\u00ed v Brn\u011b od 12. do 16. \u010dervna, jejich organiz\u00e1torem je spolek Nada\u010dn\u00edho fondu Emil \u2013 Emilova sportovn\u00ed, z.s. V\u00edce informac\u00ed je k dispozici na <a href=\"http:\/\/www.emilopen.cz\" rel=\"noopener\" target=\"_blank\">www.emilopen.cz<\/a>.<\/p>\n<p>&#8212;&#8212;&#8212;&#8212;&#8212;&#8212;&#8211;<\/p>\n<p>O spolku Emilova sportovn\u00ed, z.s.<\/p>\n<p>Emilova sportovn\u00ed, z.s., je spolek zalo\u017een\u00fd Nada\u010dn\u00edm fondem Emil za \u00fa\u010delem podpory rozvoje pohybov\u00fdch aktivit ve\u0159ejnosti a osob se zdravotn\u00edm posti\u017een\u00edm, po\u0159\u00e1d\u00e1n\u00ed sportovn\u00edch akc\u00ed a zakl\u00e1d\u00e1n\u00ed sportovn\u00edch klub\u016f. Nada\u010dn\u00ed fond tak roz\u0161i\u0159uje a zviditel\u0148uje svoji charitativn\u00ed a sportovn\u00ed \u010dinnost.<\/p>\n<p>Nada\u010dn\u00ed fond Emil je neziskov\u00e1 organizace pom\u00e1haj\u00edc\u00ed handicapovan\u00fdm d\u011btem a mlad\u00fdm lidem do 30 let sportovat, a to p\u0159edev\u0161\u00edm formou p\u0159\u00edm\u00e9 finan\u010dn\u00ed pomoci. Nada\u010dn\u00ed fond Emil podpo\u0159il ji\u017e p\u0159es 8 tis\u00edc individu\u00e1ln\u00edch sportovc\u016f i sportovn\u00edch klub\u016f. Jeho z\u00e1kladn\u00edm posl\u00e1n\u00edm je b\u00fdt symbolem \u00fa\u010dinn\u00e9 pomoci handicapovan\u00fdm mlad\u00fdm sportovc\u016fm, pom\u00e1hat jim v r\u00e1mci cel\u00e9 \u010cR prost\u0159ednictv\u00edm sportu p\u0159ekon\u00e1vat vlastn\u00ed bari\u00e9ry, nach\u00e1zet nov\u00e9 p\u0159\u00e1tele a objevovat ten \u201esv\u016fj\u201c smysl \u017eivota. V\u00edce na <a href=\"http:\/\/www.emilnadace.cz\" rel=\"noopener\" target=\"_blank\">www.emilnadace.cz<\/a>.<\/p>\n<p>Tiskov\u00e1 zpr\u00e1va<\/p>\n","protected":false},"excerpt":{"rendered":"<div class=\"mh-excerpt\"><p>\u201eDovezu dom\u016f zase medaili?\u201c Tuto ot\u00e1zku si nyn\u00ed klade osmn\u00e1ctilet\u00fd David, kter\u00fd je od narozen\u00ed na voz\u00edku. Co je v\u0161ak v t\u011bchto dnech d\u016fle\u017eit\u00e9, je <a class=\"mh-excerpt-more\" href=\"https:\/\/www.invarena.cz\/?p=31795\" title=\"Mlad\u00ed handicapovan\u00ed sportovci z cel\u00e9 Evropy zabojuj\u00ed o zlato. Startuj\u00ed Evropsk\u00e9 hry handicapovan\u00e9 ml\u00e1de\u017ee Emil Open\">[&#8230;]<\/a><\/p>\n<\/div>","protected":false},"author":1,"featured_media":31796,"comment_status":"open","ping_status":"closed","sticky":false,"template":"","format":"standard","meta":{"footnotes":""},"categories":[9],"tags":[],"class_list":["post-31795","post","type-post","status-publish","format-standard","has-post-thumbnail","hentry","category-zpravy"],"_links":{"self":[{"href":"https:\/\/www.invarena.cz\/index.php?rest_route=\/wp\/v2\/posts\/31795","targetHints":{"allow":["GET"]}}],"collection":[{"href":"https:\/\/www.invarena.cz\/index.php?rest_route=\/wp\/v2\/posts"}],"about":[{"href":"https:\/\/www.invarena.cz\/index.php?rest_route=\/wp\/v2\/types\/post"}],"author":[{"embeddable":true,"href":"https:\/\/www.invarena.cz\/index.php?rest_route=\/wp\/v2\/users\/1"}],"replies":[{"embeddable":true,"href":"https:\/\/www.invarena.cz\/index.php?rest_route=%2Fwp%2Fv2%2Fcomments&post=31795"}],"version-history":[{"count":0,"href":"https:\/\/www.invarena.cz\/index.php?rest_route=\/wp\/v2\/posts\/31795\/revisions"}],"wp:featuredmedia":[{"embeddable":true,"href":"https:\/\/www.invarena.cz\/index.php?rest_route=\/wp\/v2\/media\/31796"}],"wp:attachment":[{"href":"https:\/\/www.invarena.cz\/index.php?rest_route=%2Fwp%2Fv2%2Fmedia&parent=31795"}],"wp:term":[{"taxonomy":"category","embeddable":true,"href":"https:\/\/www.invarena.cz\/index.php?rest_route=%2Fwp%2Fv2%2Fcategories&post=31795"},{"taxonomy":"post_tag","embeddable":true,"href":"https:\/\/www.invarena.cz\/index.php?rest_route=%2Fwp%2Fv2%2Ftags&post=31795"}],"curies":[{"name":"wp","href":"https:\/\/api.w.org\/{rel}","templated":true}]}}