{"id":31797,"date":"2019-06-06T14:35:56","date_gmt":"2019-06-06T12:35:56","guid":{"rendered":"http:\/\/www.invarena.cz\/?p=31797"},"modified":"2019-06-06T14:35:56","modified_gmt":"2019-06-06T12:35:56","slug":"web-pro-handicapovane","status":"publish","type":"post","link":"https:\/\/www.invarena.cz\/?p=31797","title":{"rendered":"Web pro handicapovan\u00e9"},"content":{"rendered":"<p><strong>Jan \u0160nyrych ze Sjednocen\u00e9 organizace nevidom\u00fdch a slabozrak\u00fdch (SONS) z Prahy v\u010dera v Ostrav\u011b p\u0159edstavil unik\u00e1tn\u00ed internetov\u00fd port\u00e1l p\u0159\u00edstupn\u00fd lidem s &#8222;o\u010dn\u00edmi&#8220; probl\u00e9my, ale i jin\u00fdmi handicapy, stejn\u011b jako senior\u016fm.<\/strong> <!--more--><\/p>\n<p>Ostrava \u2013 Spustila ho zdravotn\u00ed poji\u0161\u0165ovna RBP.<\/p>\n<p>&#8222;Web\u016f je ve sv\u011btov\u00e9m kyberprostoru asi miliarda, v \u010desk\u00e9m internetov\u00e9m prost\u0159ed\u00ed p\u0159ibli\u017en\u011b milion. Z nich je v\u0161ak zlomek t\u011bch, kter\u00e9 mohou vyu\u017e\u00edvat handicapovan\u00ed,&#8220; vysv\u011btloval \u0160nyrych smysl projektu.<\/p>\n<p>Spolu s IT specialisty RBP se na v\u00fdvoji pod\u00edleli p\u0159\u00edmo lid\u00e9 s posti\u017een\u00edm o\u010d\u00ed. Slabozrac\u00ed oce\u0148ovali mo\u017enost zv\u011bt\u0161it si text (a\u017e na 400 \u010di 450 b\u011b\u017en\u00fdch p\u00edsmenek) a nevidom\u00ed p\u0159ipojen\u00ed k hlasov\u00e9 \u010dte\u010dce (ode\u010d\u00edta\u010di obrazovky) napom\u00e1haj\u00edc\u00ed p\u0159i orientac\u00ed ve v\u0161ech informac\u00edch zobrazovan\u00fdch v menu port\u00e1lu <a href=\"http:\/\/www.rbp213.cz\" target=\"_blank\" rel=\"noopener noreferrer\">www.rbp213.cz<\/a>.<\/p>\n<p>&#8222;Um\u00ed to na v\u0161ech modern\u00edch komunika\u010dn\u00edch p\u0159\u00edstroj\u00edch,&#8220; dodal \u0160nyrych.<\/p>\n<p>Karvinsk\u00fd a hav\u00ed\u0159ovsk\u00fd den\u00edk<br \/>\n<a href=\"https:\/\/karvinsky.denik.cz\/\" target=\"_blank\" rel=\"noopener noreferrer\">https:\/\/karvinsky.denik.cz\/<\/a><\/p>\n","protected":false},"excerpt":{"rendered":"<div class=\"mh-excerpt\"><p>Jan \u0160nyrych ze Sjednocen\u00e9 organizace nevidom\u00fdch a slabozrak\u00fdch (SONS) z Prahy v\u010dera v Ostrav\u011b p\u0159edstavil unik\u00e1tn\u00ed internetov\u00fd port\u00e1l p\u0159\u00edstupn\u00fd lidem s &#8222;o\u010dn\u00edmi&#8220; probl\u00e9my, ale i <a class=\"mh-excerpt-more\" href=\"https:\/\/www.invarena.cz\/?p=31797\" title=\"Web pro handicapovan\u00e9\">[&#8230;]<\/a><\/p>\n<\/div>","protected":false},"author":1,"featured_media":1056,"comment_status":"open","ping_status":"closed","sticky":false,"template":"","format":"standard","meta":{"footnotes":""},"categories":[9],"tags":[],"class_list":["post-31797","post","type-post","status-publish","format-standard","has-post-thumbnail","hentry","category-zpravy"],"_links":{"self":[{"href":"https:\/\/www.invarena.cz\/index.php?rest_route=\/wp\/v2\/posts\/31797","targetHints":{"allow":["GET"]}}],"collection":[{"href":"https:\/\/www.invarena.cz\/index.php?rest_route=\/wp\/v2\/posts"}],"about":[{"href":"https:\/\/www.invarena.cz\/index.php?rest_route=\/wp\/v2\/types\/post"}],"author":[{"embeddable":true,"href":"https:\/\/www.invarena.cz\/index.php?rest_route=\/wp\/v2\/users\/1"}],"replies":[{"embeddable":true,"href":"https:\/\/www.invarena.cz\/index.php?rest_route=%2Fwp%2Fv2%2Fcomments&post=31797"}],"version-history":[{"count":0,"href":"https:\/\/www.invarena.cz\/index.php?rest_route=\/wp\/v2\/posts\/31797\/revisions"}],"wp:featuredmedia":[{"embeddable":true,"href":"https:\/\/www.invarena.cz\/index.php?rest_route=\/wp\/v2\/media\/1056"}],"wp:attachment":[{"href":"https:\/\/www.invarena.cz\/index.php?rest_route=%2Fwp%2Fv2%2Fmedia&parent=31797"}],"wp:term":[{"taxonomy":"category","embeddable":true,"href":"https:\/\/www.invarena.cz\/index.php?rest_route=%2Fwp%2Fv2%2Fcategories&post=31797"},{"taxonomy":"post_tag","embeddable":true,"href":"https:\/\/www.invarena.cz\/index.php?rest_route=%2Fwp%2Fv2%2Ftags&post=31797"}],"curies":[{"name":"wp","href":"https:\/\/api.w.org\/{rel}","templated":true}]}}