{"id":31817,"date":"2019-06-12T20:51:34","date_gmt":"2019-06-12T18:51:34","guid":{"rendered":"http:\/\/www.invarena.cz\/?p=31817"},"modified":"2019-06-12T20:51:34","modified_gmt":"2019-06-12T18:51:34","slug":"gong-zahnal-stres","status":"publish","type":"post","link":"https:\/\/www.invarena.cz\/?p=31817","title":{"rendered":"Gong zahnal stres"},"content":{"rendered":"<p><strong>Sjednocen\u00e1 organizace nevidom\u00fdch a slabozrak\u00fdch Prachatice nad\u011blila sv\u00fdm \u010dlen\u016fm a p\u0159\u00e1tel\u016fm neuv\u011b\u0159iteln\u00fd z\u00e1\u017eitek. Jednalo se o terapii gongem.<\/strong> <!--more--><\/p>\n<p>Prachatice \u2013 Do Prachatic zav\u00edtala Dana \u0160itnerov\u00e1. Dv\u011b hodiny se zvuky gongu, kter\u00fd v\u011bt\u0161inou zn\u00e1me pouze ze zahajov\u00e1n\u00ed akc\u00ed, svol\u00e1v\u00e1n\u00ed lid\u00ed. Koncert a nav\u00edc terapie byla skute\u010dn\u011b neuv\u011b\u0159itelnou, p\u016fsobivou, silnou, emo\u010dn\u00ed z\u00e1le\u017eitost\u00ed.<\/p>\n<p>Dana \u0160itnerov\u00e1 v \u00favodu nechala osahat gong i palice nevidom\u00fdm, by\u0165 ne na p\u0159edn\u00ed stranu, ale zezadu a na okraje. A tak\u00e9 si mohli stvo\u0159it n\u011bjak\u00fd zvuk.<\/p>\n<p>Pot\u00e9 n\u00e1sledovala etuda p\u0159es p\u016fl hodiny, hra na gong, jak sama \u0159\u00edk\u00e1 m\u00e1 l\u00e9\u010div\u00e9 \u00fa\u010dinky. V\u0161ichni p\u0159\u00edtomn\u00ed ani &#8222;ned\u00fdchali&#8220;.<\/p>\n<p>Z\u00e1v\u011br pat\u0159il pov\u00edd\u00e1n\u00ed o p\u016fsoben\u00ed hudby, gongu na lidsk\u00fd organismus a ot\u00e1zky nem\u011bly konce. Uk\u00e1zala tak\u00e9, jak\u00e9 jsou vibrace p\u0159ed a za gongem, nechala p\u0159\u00edtomn\u00e9 je poc\u00edtit.<\/p>\n<p>&#8222;Osobn\u011b pro mne zahr\u00e1la gongo hru a mus\u00edm \u0159\u00edci, byl to v\u00e1\u0161n\u011b n\u00e1dhern\u00fd z\u00e1\u017eitek,&#8220; uvedla jedna z \u00fa\u010dastnic setk\u00e1n\u00ed. Dana \u0160itnerov\u00e1 pov\u00eddala tak\u00e9 o nejv\u011bt\u0161\u00edm gonga\u0159i Bearu Love, \u00fa\u017easn\u00e9m muzikantovi Ond\u0159eji Smeykalovi.<\/p>\n<p>Hana Rabenhauptov\u00e1<br \/>\nPrachatick\u00fd den\u00edk<br \/>\n<a href=\"http:\/\/prachaticky.denik.cz\/\" target=\"_blank\" rel=\"noopener noreferrer\">http:\/\/prachaticky.denik.cz\/<\/a><\/p>\n","protected":false},"excerpt":{"rendered":"<div class=\"mh-excerpt\"><p>Sjednocen\u00e1 organizace nevidom\u00fdch a slabozrak\u00fdch Prachatice nad\u011blila sv\u00fdm \u010dlen\u016fm a p\u0159\u00e1tel\u016fm neuv\u011b\u0159iteln\u00fd z\u00e1\u017eitek. Jednalo se o terapii gongem.<\/p>\n<\/div>","protected":false},"author":1,"featured_media":0,"comment_status":"open","ping_status":"closed","sticky":false,"template":"","format":"standard","meta":{"footnotes":""},"categories":[9],"tags":[],"class_list":["post-31817","post","type-post","status-publish","format-standard","hentry","category-zpravy"],"_links":{"self":[{"href":"https:\/\/www.invarena.cz\/index.php?rest_route=\/wp\/v2\/posts\/31817","targetHints":{"allow":["GET"]}}],"collection":[{"href":"https:\/\/www.invarena.cz\/index.php?rest_route=\/wp\/v2\/posts"}],"about":[{"href":"https:\/\/www.invarena.cz\/index.php?rest_route=\/wp\/v2\/types\/post"}],"author":[{"embeddable":true,"href":"https:\/\/www.invarena.cz\/index.php?rest_route=\/wp\/v2\/users\/1"}],"replies":[{"embeddable":true,"href":"https:\/\/www.invarena.cz\/index.php?rest_route=%2Fwp%2Fv2%2Fcomments&post=31817"}],"version-history":[{"count":0,"href":"https:\/\/www.invarena.cz\/index.php?rest_route=\/wp\/v2\/posts\/31817\/revisions"}],"wp:attachment":[{"href":"https:\/\/www.invarena.cz\/index.php?rest_route=%2Fwp%2Fv2%2Fmedia&parent=31817"}],"wp:term":[{"taxonomy":"category","embeddable":true,"href":"https:\/\/www.invarena.cz\/index.php?rest_route=%2Fwp%2Fv2%2Fcategories&post=31817"},{"taxonomy":"post_tag","embeddable":true,"href":"https:\/\/www.invarena.cz\/index.php?rest_route=%2Fwp%2Fv2%2Ftags&post=31817"}],"curies":[{"name":"wp","href":"https:\/\/api.w.org\/{rel}","templated":true}]}}