{"id":31823,"date":"2019-06-11T21:24:08","date_gmt":"2019-06-11T19:24:08","guid":{"rendered":"http:\/\/www.invarena.cz\/?p=31823"},"modified":"2019-06-12T21:34:05","modified_gmt":"2019-06-12T19:34:05","slug":"paralympijsky-vitez-jezek-pred-emil-open-okusi-otazky-krause","status":"publish","type":"post","link":"https:\/\/www.invarena.cz\/?p=31823","title":{"rendered":"Paralympijsk\u00fd v\u00edt\u011bz Je\u017eek p\u0159ed Emil Open okus\u00ed ot\u00e1zky Krause"},"content":{"rendered":"<p><strong>B\u00fdval\u00fd profesion\u00e1ln\u00ed cyklista Ji\u0159\u00ed Je\u017eek, plavec Arno\u0161t Petr\u00e1\u010dek nebo koula\u0159ka Eva Kacanu. V\u0161echny zm\u00edn\u011bn\u00e9 spojuje hned n\u011bkolik v\u011bc\u00ed. Jedn\u00e1 se o paralympijsk\u00e9 v\u00edt\u011bze m\u00ed\u0159\u00edc\u00ed do Brna na osm\u00fd ro\u010dn\u00edk letn\u00edch Evropsk\u00fdch her handicapovan\u00e9 ml\u00e1de\u017ee Emil Open.<\/strong><!--more--><\/p>\n<p>Brno \u2013 K Show Jana Krause neodmysliteln\u011b pat\u0159\u00ed \u010derven\u00fd gau\u010d. Z\u00edtra ve\u010der v Brn\u011b v\u0161ak host\u00e9 popul\u00e1rn\u00edho moder\u00e1tora usednou na invalidn\u00ed voz\u00edk. Benefi\u010dn\u00ed d\u00edl zn\u00e1m\u00e9ho televizn\u00edho po\u0159adu toti\u017e zah\u00e1j\u00ed program letn\u00edch Evropsk\u00fdch her handicapovan\u00e9 ml\u00e1de\u017ee.<\/p>\n<p>Od p\u016fl osm\u00e9 ve\u010der usednou p\u0159ed Jana Krause v brn\u011bnsk\u00e9m kulturn\u00edm centru Semilasso \u0161estin\u00e1sobn\u00fd paralympijsk\u00fd v\u00edt\u011bz v cyklistice a mistr sv\u011bta Ji\u0159\u00ed Je\u017eek, moder\u00e1tor sout\u011b\u017en\u00edho po\u0159adu AZ-kv\u00edz Ale\u0161 Zbo\u0159il a cestovatel Ladislav Zibura. V\u00fdt\u011b\u017eek ze show p\u016fjde na Nada\u010dn\u00ed fond Emil, kter\u00fd pom\u00e1h\u00e1 handicapovan\u00fdm d\u011btem se sportov\u00e1n\u00edm.<\/p>\n<p>&#8222;Aby m\u011bly pro d\u011bti sportovn\u00ed aktivity plnohodnotnou cenu, mus\u00ed si ob\u010das tak\u00e9 zaz\u00e1vodit. Za\u017e\u00edt prohry, v\u00fdhry, zkr\u00e1tka pravou sportovn\u00ed sout\u011b\u017e,&#8220; vystihuje Kraus smysl Emil Open.<\/p>\n<p>Jeden z jeho host\u016f Je\u017eek se z\u00fa\u010dastn\u00ed i z\u00edt\u0159ej\u0161\u00edho slavnostn\u00edho zah\u00e1jen\u00ed her v are\u00e1lu Vysok\u00e9ho u\u010den\u00ed technick\u00e9ho Pod Palack\u00e9ho vrchem, kde pak budou nap\u0159\u00edklad z\u00e1vody v atletice.<\/p>\n<p>&#8222;Sport je pro handicapovan\u00e9 d\u011bti a jejich rodi\u010de v jinak n\u00e1ro\u010dn\u00e9m \u017eivot\u011b \u010dasto jedin\u00e1 mo\u017en\u00e1 rekrea\u010dn\u00ed aktivita, co\u017e dod\u00e1v\u00e1 hr\u00e1m d\u016fle\u017eit\u00fd rozm\u011br,&#8220; \u0159\u00edk\u00e1 Je\u017eek.<\/p>\n<p>V\u00edce ne\u017e p\u011bt set d\u011bt\u00ed ze sedmn\u00e1cti zem\u00ed mezi sebou od \u010dtvrte\u010dn\u00edho r\u00e1na zm\u011b\u0159\u00ed s\u00edly v r\u016fzn\u00fdch sportovn\u00edch discipl\u00edn\u00e1ch. Mezi sporty, ve kter\u00fdch se z\u00e1vodn\u00edci utkaj\u00ed, pat\u0159\u00ed plav\u00e1n\u00ed, stoln\u00ed tenis, atletika nebo m\u00e9n\u011b zn\u00e1m\u00e9 boccia a bocca. Jedn\u00e1 se o sporty podobn\u00e9 p\u00e9tanque ur\u010den\u00e9 pro d\u011bti na invalidn\u00edm voz\u00edku nebo s ment\u00e1ln\u00edm posti\u017een\u00edm.<\/p>\n<p>&#8222;Evropsk\u00e9 hry umo\u017e\u0148uj\u00ed mlad\u00fdm sportovc\u016fm se zdravotn\u00edm posti\u017een\u00edm uk\u00e1zat to nejlep\u0161\u00ed, co v nich je, a z\u00edskat tolik d\u016fle\u017eit\u00e9 a mnohdy chyb\u011bj\u00edc\u00ed sebev\u011bdom\u00ed,&#8220; vysv\u011btluje prezident organiza\u010dn\u00edho v\u00fdboru Pavel Zbo\u017e\u00ednek.<\/p>\n<p>Mlad\u00ed sportovci sout\u011b\u017e\u00ed ve t\u0159ech kategori\u00edch open, masters a mixed. Zat\u00edmco prvn\u00ed je ur\u010den\u00e1 pro za\u010d\u00ednaj\u00edc\u00ed a pokro\u010dil\u00e9 z\u00e1vodn\u00edky, do masters se mus\u00ed sout\u011b\u017e\u00edc\u00ed kvalifikovat. V kategorii mixed se uskute\u010dn\u00ed spole\u010dn\u00fd z\u00e1vod zdrav\u00fdch a handicapovan\u00fdch sportovc\u016f.<\/p>\n<p>&#8222;V\u016f\u010di handicapovan\u00fdm panuj\u00ed st\u00e1le zbyte\u010dn\u00e9 p\u0159edsudky, co\u017e se sna\u017e\u00edme zm\u011bnit. Krom\u011b kategorie mixed je proto sou\u010d\u00e1st her i \u0159ada akc\u00ed pro ve\u0159ejnost. Lid\u00e9 si mohou vyzkou\u0161et nap\u0159\u00edklad nov\u00fd sport ParaPaddleboarding,&#8220; zmi\u0148uje Zbo\u017e\u00ednek odv\u011btv\u00ed, ve kter\u00e9m se k pohybu na surfov\u00e9m prkn\u011b pou\u017e\u00edv\u00e1 dlouh\u00e9 p\u00e1dlo.<\/p>\n<p>Emil Open 2019<br \/>\nterm\u00edn: 12.\u201316. \u010derven<br \/>\nm\u00edsto: sportovn\u00ed are\u00e1l VUT Pod Palack\u00e9ho vrchem, sportovn\u00ed are\u00e1l Krav\u00ed hora, brn\u011bnsk\u00e1 p\u0159ehrada<br \/>\nsporty: atletika, plav\u00e1n\u00ed, stoln\u00ed tenis, boccia a bocca<br \/>\nsv\u011btov\u00e1 premi\u00e9ra ParaPaddleboardu: 14.\u201315. \u010derven, 10\u201315 hodin, are\u00e1l TJ Lodn\u00ed sporty Brno<br \/>\nvstupn\u00e9: zdarma<br \/>\nhr\u00e1m p\u0159edch\u00e1z\u00ed benefi\u010dn\u00ed Show Jana Krause s exkluzivn\u00edmi hosty Ji\u0159\u00edm Je\u017ekem, Ale\u0161em Zbo\u0159ilem a Ladislavem Ziburou, vstupenky stoj\u00ed 500 korun a jsou k dost\u00e1n\u00ed v p\u0159edprodeji v Domu p\u00e1n\u016f z Lip\u00e9 na n\u00e1m\u011bst\u00ed Svobody<\/p>\n<p>ELI\u0160KA NOV\u00c1KOV\u00c1<br \/>\nBrn\u011bnsk\u00fd den\u00edk<br \/>\n<a href=\"http:\/\/brnensky.denik.cz\/\" target=\"_blank\" rel=\"noopener noreferrer\">http:\/\/brnensky.denik.cz\/<\/a><\/p>\n","protected":false},"excerpt":{"rendered":"<div class=\"mh-excerpt\"><p>B\u00fdval\u00fd profesion\u00e1ln\u00ed cyklista Ji\u0159\u00ed Je\u017eek, plavec Arno\u0161t Petr\u00e1\u010dek nebo koula\u0159ka Eva Kacanu. V\u0161echny zm\u00edn\u011bn\u00e9 spojuje hned n\u011bkolik v\u011bc\u00ed. Jedn\u00e1 se o paralympijsk\u00e9 v\u00edt\u011bze m\u00ed\u0159\u00edc\u00ed do <a class=\"mh-excerpt-more\" href=\"https:\/\/www.invarena.cz\/?p=31823\" title=\"Paralympijsk\u00fd v\u00edt\u011bz Je\u017eek p\u0159ed Emil Open okus\u00ed ot\u00e1zky Krause\">[&#8230;]<\/a><\/p>\n<\/div>","protected":false},"author":1,"featured_media":2987,"comment_status":"open","ping_status":"closed","sticky":false,"template":"","format":"standard","meta":{"footnotes":""},"categories":[9],"tags":[],"class_list":["post-31823","post","type-post","status-publish","format-standard","has-post-thumbnail","hentry","category-zpravy"],"_links":{"self":[{"href":"https:\/\/www.invarena.cz\/index.php?rest_route=\/wp\/v2\/posts\/31823","targetHints":{"allow":["GET"]}}],"collection":[{"href":"https:\/\/www.invarena.cz\/index.php?rest_route=\/wp\/v2\/posts"}],"about":[{"href":"https:\/\/www.invarena.cz\/index.php?rest_route=\/wp\/v2\/types\/post"}],"author":[{"embeddable":true,"href":"https:\/\/www.invarena.cz\/index.php?rest_route=\/wp\/v2\/users\/1"}],"replies":[{"embeddable":true,"href":"https:\/\/www.invarena.cz\/index.php?rest_route=%2Fwp%2Fv2%2Fcomments&post=31823"}],"version-history":[{"count":0,"href":"https:\/\/www.invarena.cz\/index.php?rest_route=\/wp\/v2\/posts\/31823\/revisions"}],"wp:featuredmedia":[{"embeddable":true,"href":"https:\/\/www.invarena.cz\/index.php?rest_route=\/wp\/v2\/media\/2987"}],"wp:attachment":[{"href":"https:\/\/www.invarena.cz\/index.php?rest_route=%2Fwp%2Fv2%2Fmedia&parent=31823"}],"wp:term":[{"taxonomy":"category","embeddable":true,"href":"https:\/\/www.invarena.cz\/index.php?rest_route=%2Fwp%2Fv2%2Fcategories&post=31823"},{"taxonomy":"post_tag","embeddable":true,"href":"https:\/\/www.invarena.cz\/index.php?rest_route=%2Fwp%2Fv2%2Ftags&post=31823"}],"curies":[{"name":"wp","href":"https:\/\/api.w.org\/{rel}","templated":true}]}}