{"id":31858,"date":"2019-06-25T10:43:25","date_gmt":"2019-06-25T08:43:25","guid":{"rendered":"http:\/\/www.invarena.cz\/?p=31858"},"modified":"2019-06-25T15:37:44","modified_gmt":"2019-06-25T13:37:44","slug":"nema-ani-korunu-prijmu-z-ceho-ma-tedy-platit-zdravotni-pojistne","status":"publish","type":"post","link":"https:\/\/www.invarena.cz\/?p=31858","title":{"rendered":"Nem\u00e1 ani korunu p\u0159\u00edjmu. Z \u010deho m\u00e1 tedy platit zdravotn\u00ed pojistn\u00e9?"},"content":{"rendered":"<p><strong>DOTAZ: Man\u017eelce byl p\u0159izn\u00e1n invalidn\u00ed d\u016fchod 2.stupn\u011b, ale proto\u017ee d\u00edky sv\u00e9mu st\u00e1le se zhor\u0161uj\u00edc\u00edmu zdravotn\u00edmu stavu dlouhodob\u011b nepracovala, nedostala ani korunu d\u016fchodu. Je automaticky vy\u0159azena z \u00daP a m\u00e1 si platit zdravotn\u00ed poji\u0161t\u011bn\u00ed. Ot\u00e1zka je z \u010deho, kdy\u017e si pr\u00e1ci, kterou by dovolil jej\u00ed zdravotn\u00ed stav, nem\u016f\u017ee naj\u00edt. Je n\u011bjak\u00e9 \u0159e\u0161en\u00ed?<\/strong><!--more--><\/p>\n<p><strong>Odpov\u011b\u010f:<\/strong><\/p>\n<p>Uv\u00e1d\u00edte, \u017ee man\u017eelce byl p\u0159izn\u00e1n invalidn\u00ed d\u016fchod 2.stupn\u011b, ale &#8222;nedostala ani korunu d\u016fchodu.&#8220; Nen\u00ed mo\u017en\u00e9 p\u0159iznat invalidn\u00ed d\u016fchod a nevypl\u00e1cet jej. Zkuste nejd\u0159\u00edve napsat dopis na \u010cSSZ s upozorn\u011bn\u00edm na tuto situaci se \u017e\u00e1dost\u00ed o n\u00e1pravu. Nicm\u00e9n\u011b je mo\u017en\u00e9, \u017ee jde o nedorozum\u011bn\u00ed a man\u017eelce byla ve skute\u010dnosti p\u0159izn\u00e1na invalidita 2.stupn\u011b, nikoli v\u0161ak invalidn\u00ed d\u016fchod 2.stupn\u011b, a to z d\u016fvodu nedostate\u010dn\u00e9 pot\u0159ebn\u00e9 doby poji\u0161t\u011bn\u00ed, jak v dotazu nazna\u010dujete.<\/p>\n<p>Nen\u00ed tak\u00e9 mo\u017en\u00e9 na z\u00e1klad\u011b p\u0159izn\u00e1n\u00ed invalidity \u010di invalidn\u00edho d\u016fchodu n\u011bkoho automaticky vy\u0159azovat z evidence uchaze\u010d\u016f o zam\u011bstn\u00e1n\u00ed na \u00fa\u0159ad\u011b pr\u00e1ce. Doporu\u010duji se co nejd\u0159\u00edve na \u00fa\u0159ad\u011b pr\u00e1ce p\u0159ihl\u00e1sit jako uchaze\u010d zam\u011bstn\u00e1n\u00ed. Pokud v\u00e1s zam\u011bstnanec \u00fa\u0159adu pr\u00e1ce odm\u00edtne zaregistrovat na z\u00e1klad\u011b v\u00fd\u0161e zm\u00edn\u011bn\u00e9ho d\u016fvodu, obra\u0165te se na jeho nad\u0159\u00edzen\u00e9ho se \u017e\u00e1dost\u00ed o vysv\u011btlen\u00ed, pop\u0159\u00edpad\u011b o p\u00edsemn\u00e9 potvrzen\u00ed d\u016fvodu, pro kter\u00fd \u00fa\u0159ad pr\u00e1ce odm\u00edt\u00e1 prov\u00e9st registraci a d\u00e1le postup v dan\u00e9 situaci konzultovat s odborn\u00edkem.<\/p>\n<p>Pokud man\u017eelka nespl\u0148uje podm\u00ednku pot\u0159ebn\u00e9 doby poji\u0161t\u011bn\u00ed pro n\u00e1rok na invalidn\u00ed d\u016fchod, nebude p\u0159izn\u00e1n. Nicm\u00e9n\u011b se doporu\u010duje \u0159e\u0161it situaci s m\u00edstn\u011b p\u0159\u00edslu\u0161nou pobo\u010dkou \u010cSSZ, kde by m\u011bli poskytnout informace, jak si p\u0159\u00edpadn\u011b zajistit n\u00e1rok na invalidn\u00ed d\u016fchod doplacen\u00edm chyb\u011bj\u00edc\u00ed doby poji\u0161t\u011bn\u00ed.<\/p>\n<p>Podm\u00ednka pot\u0159ebn\u00e9 doby poji\u0161t\u011bn\u00ed se v\u0161ak nevy\u017eaduje v\u00a0p\u0159\u00edpad\u011b, \u017ee invalidita vznikla n\u00e1sledkem pracovn\u00edho \u00farazu \u010di nemoci z\u00a0povol\u00e1n\u00ed.<\/p>\n<p>Pokud pot\u0159ebnou dobu poji\u0161t\u011bn\u00ed nespl\u0148uje, nen\u00ed vylou\u010deno, \u017ee spl\u0148uje tzv. <strong>n\u00e1hradn\u00ed dobu poji\u0161t\u011bn\u00ed.<\/strong> To je\u00a0obdob\u00ed, ve kter\u00e9m se neodv\u00e1d\u00ed \u017e\u00e1dn\u00e9 pojistn\u00e9, p\u0159esto se tyto doby za ur\u010dit\u00fdch podm\u00ednek zapo\u010d\u00edt\u00e1vaj\u00ed do pot\u0159ebn\u00fdch let poji\u0161t\u011bn\u00ed pro d\u016fchod.<\/p>\n<p><strong>N\u00e1hradn\u00ed doba poji\u0161t\u011bn\u00ed se t\u00fdk\u00e1:<\/strong><\/p>\n<ul>\n<li>osob, kter\u00e9 se soustavn\u011b p\u0159ipravuj\u00ed na budouc\u00ed povol\u00e1n\u00ed studiem na st\u0159edn\u00ed nebo vy\u0161\u0161\u00ed odborn\u00e9 \u0161kole (d\u00e1le jen \u201est\u0159edn\u00ed \u0161kola\u201c) nebo vysok\u00e9 \u0161kole v\u00a0\u010cesk\u00e9 republice, a\u00a0to po dobu prvn\u00edch \u0161esti let tohoto studia po dosa\u017een\u00ed v\u011bku 18 let v\u00a0obdob\u00ed p\u0159ed r. 2010,<\/li>\n<li>osob veden\u00fdch v\u00a0evidenci \u00fa\u0159adu pr\u00e1ce jako uchaze\u010di o\u00a0zam\u011bstn\u00e1n\u00ed po dobu, po kterou jim n\u00e1le\u017e\u00ed podpora v\u00a0nezam\u011bstnanosti nebo podpora p\u0159i rekvalifikaci, a\u00a0v rozsahu nejv\u00fd\u0161e t\u0159\u00ed let t\u00e9\u017e po dobu, po kterou jim podpora v\u00a0nezam\u011bstnanosti nebo podpora p\u0159i rekvalifikaci nen\u00e1le\u017e\u00ed s\u00a0t\u00edm, \u017ee tato doba t\u0159\u00ed let se zji\u0161\u0165uje zp\u011btn\u011b ode dne vzniku n\u00e1roku na d\u016fchod, doba, po kterou podpora v\u00a0nezam\u011bstnanosti nebo podpora p\u0159i rekvalifikaci nen\u00e1le\u017eela p\u0159ed dosa\u017een\u00edm v\u011bku 55 let, se do n\u00ed zapo\u010d\u00edt\u00e1v\u00e1 v\u00a0rozsahu nejv\u00fd\u0161e 1 roku a\u00a0nezapo\u010d\u00edt\u00e1v\u00e1 se do n\u00ed jin\u00e1 n\u00e1hradn\u00ed doba poji\u0161t\u011bn\u00ed nebo doba poji\u0161t\u011bn\u00ed, kter\u00e9 se kryj\u00ed s\u00a0dobou, po kterou je osoba vedena v\u00a0evidenci uchaze\u010d\u016f o\u00a0zam\u011bstn\u00e1n\u00ed; za dobu, po kterou n\u00e1le\u017e\u00ed podpora v\u00a0nezam\u011bstnanosti, se p\u0159itom pova\u017euje t\u00e9\u017e doba, po kterou se podpora v\u00a0nezam\u011bstnanosti neposkytuje z\u00a0d\u016fvodu, \u017ee osob\u011b veden\u00e9 v\u00a0evidenci uchaze\u010d\u016f o\u00a0zam\u011bstn\u00e1n\u00ed p\u0159\u00edslu\u0161\u00ed odstupn\u00e9, odbytn\u00e9 nebo odchodn\u00e9,<\/li>\n<li>osob se zdravotn\u00edm posti\u017een\u00edm za\u0159azen\u00fdch v\u00a0teoretick\u00e9 a\u00a0praktick\u00e9 p\u0159\u00edprav\u011b pro zam\u011bstn\u00e1n\u00ed nebo jinou v\u00fdd\u011ble\u010dnou \u010dinnost,<\/li>\n<li>osob konaj\u00edc\u00edch vojenskou slu\u017ebu v\u00a0ozbrojen\u00fdch sil\u00e1ch \u010cesk\u00e9 republiky, pokud nejde o\u00a0voj\u00e1ky z\u00a0povol\u00e1n\u00ed a\u00a0voj\u00e1ky v\u00a0dal\u0161\u00ed slu\u017eb\u011b (do 30.\u00a06.\u00a02016),<\/li>\n<li>osob konaj\u00edc\u00edch civiln\u00ed slu\u017ebu (do\u00a031. 12.\u00a02004),<\/li>\n<li>osob pe\u010duj\u00edc\u00edch osobn\u011b o\u00a0d\u00edt\u011b ve v\u011bku do \u010dty\u0159 let,<\/li>\n<li>osob pe\u010duj\u00edc\u00edch osobn\u011b o\u00a0osobu mlad\u0161\u00ed 10 let, kter\u00e1 je z\u00e1visl\u00e1 na p\u00e9\u010di jin\u00e9 osoby ve stupni I (lehk\u00e1 z\u00e1vislost) nebo osobu jak\u00e9hokoliv v\u011bku, kter\u00e1 je z\u00e1visl\u00e1 na p\u00e9\u010di jin\u00e9 osoby ve stupni II (st\u0159edn\u011b t\u011b\u017ek\u00e1 z\u00e1vislost) nebo stupni III (t\u011b\u017ek\u00e1 z\u00e1vislost) anebo stupni IV (\u00fapln\u00e1 z\u00e1vislost), pokud spolu \u017eij\u00ed v\u00a0dom\u00e1cnosti; podm\u00ednka dom\u00e1cnosti se nevy\u017eaduje, jde-li o\u00a0bl\u00edzkou osobu,<\/li>\n<li>po\u017eivatel\u016f invalidn\u00edho d\u016fchodu pro invaliditu t\u0159et\u00edho stupn\u011b [\u00a7 39 odst. 2 p\u00edsm. c) z\u00e1kona \u010d. 155\/1995 Sb.] z\u00a0\u010desk\u00e9ho poji\u0161t\u011bn\u00ed, a\u00a0to do dosa\u017een\u00ed v\u011bku pot\u0159ebn\u00e9ho pro vznik n\u00e1roku na starobn\u00ed d\u016fchod podle \u00a7 32; za po\u017eivatele invalidn\u00edho d\u016fchodu pro invaliditu t\u0159et\u00edho stupn\u011b [\u00a7 39 odst. 2 p\u00edsm. c)] se pro \u00fa\u010dely \u00fa\u010dasti na poji\u0161t\u011bn\u00ed pova\u017euj\u00ed t\u00e9\u017e osoby, kter\u00e9 nepob\u00edraj\u00ed tento d\u016fchod, av\u0161ak spl\u0148uj\u00ed podm\u00ednky n\u00e1roku na tento d\u016fchod a\u00a0pob\u00edraj\u00ed v\u00fdsluhov\u00fd p\u0159\u00edsp\u011bvek nebo p\u0159\u00edsp\u011bvek za slu\u017ebu podle zvl\u00e1\u0161tn\u00edch z\u00e1kon\u016f,<\/li>\n<li>osob, u\u00a0nich\u017e po skon\u010den\u00ed v\u00fdd\u011ble\u010dn\u00e9 \u010dinnosti, kter\u00e1 zakl\u00e1dala \u00fa\u010dast na nemocensk\u00e9m poji\u0161t\u011bn\u00ed podle zvl\u00e1\u0161tn\u00edho p\u0159edpisu, trv\u00e1:\n<ul>\n<li>do\u010dasn\u00e1 pracovn\u00ed neschopnost, kterou si nep\u0159ivodily \u00famysln\u011b, pokud tato do\u010dasn\u00e1 pracovn\u00ed neschopnost vznikla v\u00a0dob\u011b t\u00e9to v\u00fdd\u011ble\u010dn\u00e9 \u010dinnosti nebo v\u00a0ochrann\u00e9 lh\u016ft\u011b podle zvl\u00e1\u0161tn\u00edho p\u0159edpisu,<\/li>\n<li>karant\u00e9na na\u0159\u00edzen\u00e1 podle zvl\u00e1\u0161tn\u00edho pr\u00e1vn\u00edho p\u0159edpisu v\u00a0dob\u011b t\u00e9to v\u00fdd\u011ble\u010dn\u00e9 \u010dinnosti nebo v\u00a0ochrann\u00e9 lh\u016ft\u011b podle zvl\u00e1\u0161tn\u00edho pr\u00e1vn\u00edho p\u0159edpisu,<\/li>\n<li>podp\u016fr\u010d\u00ed doba pro poskytov\u00e1n\u00ed o\u0161et\u0159ovn\u00e9ho,<\/li>\n<li>podp\u016fr\u010d\u00ed doba pro poskytov\u00e1n\u00ed pen\u011b\u017eit\u00e9 pomoci v\u00a0mate\u0159stv\u00ed v\u00a0obdob\u00ed p\u0159ed porodem.<\/li>\n<\/ul>\n<\/li>\n<li>osob, kter\u00fdm je poskytov\u00e1na zvl\u00e1\u0161tn\u00ed ochrana a\u00a0pomoc na z\u00e1klad\u011b z\u00e1kona o\u00a0ochran\u011b sv\u011bdka a\u00a0dal\u0161\u00edch osob v\u00a0souvislosti s\u00a0trestn\u00edm \u0159\u00edzen\u00edm<\/li>\n<li>Od 1. 2. 2018 je n\u00e1hradn\u00ed dobou poji\u0161t\u011bn\u00ed doba trv\u00e1n\u00ed podp\u016fr\u010d\u00ed doby u\u00a0d\u00e1vky otcovsk\u00e9 poporodn\u00ed p\u00e9\u010de v\u00a0dob\u011b po skon\u010den\u00ed v\u00fdd\u011ble\u010dn\u00e9 \u010dinnosti, kter\u00e1 zakl\u00e1dala \u00fa\u010dast na nemocensk\u00e9m poji\u0161t\u011bn\u00ed.<\/li>\n<li>N\u00e1hradn\u00ed dobou poji\u0161t\u011bn\u00ed ji\u017e od 1. 2. 2018 nen\u00ed doba vojensk\u00e9 slu\u017eby, nejde-li\u00a0 o\u00a0voj\u00e1ky z\u00a0povol\u00e1n\u00ed nebo voj\u00e1ky v\u00a0z\u00e1loze ve v\u00fdkonu vojensk\u00e9 \u010dinn\u00e9 slu\u017eby. Jako n\u00e1hradn\u00ed dobu poji\u0161t\u011bn\u00ed ji lze hodnotit pouze, jde-li o\u00a0dobu z\u00edskanou do 30. 6. 2016.<\/li>\n<\/ul>\n<p>Pokud man\u017eelka nem\u016f\u017ee vyu\u017e\u00edt ani jednu z v\u00fd\u0161e uveden\u00fdch mo\u017enost\u00ed a je zcela bez p\u0159\u00edjmu, je mo\u017en\u00e9 se obr\u00e1tit na p\u0159\u00edslu\u0161n\u00e9 kontaktn\u00ed pracovi\u0161t\u011b krajsk\u00e9 pobo\u010dky \u00da\u0159adu pr\u00e1ce \u010cR poskytuj\u00edc\u00ed <strong>d\u00e1vky st\u00e1tn\u00ed soci\u00e1ln\u00ed podpory a d\u00e1vky v hmotn\u00e9 nouzi.<\/strong> Pokud tedy man\u017eelka nedost\u00e1v\u00e1 invalidn\u00ed d\u016fchod, nem\u016f\u017ee naj\u00edt pr\u00e1ci a nem\u00e1 \u017e\u00e1dn\u00fd p\u0159\u00edjem, m\u011bla by si na \u00fa\u0159ad\u011b pr\u00e1ce za\u017e\u00e1dat o d\u00e1vky st\u00e1tn\u00ed soci\u00e1ln\u00ed podpory a d\u00e1vky v hmotn\u00e9 nouzi. Pak by ji\u017e nebyla povinna platit zdravotn\u00ed pojistn\u00e9.<\/p>\n<p>D\u00e1le uv\u00e1d\u00edte, \u017ee po p\u0159izn\u00e1n\u00ed invalidn\u00edho d\u016fchodu 2.stupn\u011b si m\u00e1 man\u017eelka platit zdravotn\u00ed poji\u0161t\u011bn\u00ed. Nen\u00ed tomu tak, po\u017eivatel\u00e9 <a href=\"https:\/\/www.naseduchody.cz\/castecny-invalidni-duchod.html\">invalidn\u00edho d\u016fchodu pro invaliditu 1. stupn\u011b<\/a>, 2.<a href=\"https:\/\/www.naseduchody.cz\/castecny-invalidni-duchod.html\"> stupn\u011b<\/a>,\u00a0 i 3.\u00a0<a href=\"https:\/\/www.naseduchody.cz\/castecny-invalidni-duchod.html\"> stupn\u011b<\/a>, jsou zahrnuti mezi tzv. st\u00e1tn\u00ed poji\u0161t\u011bnce, tj. mezi osoby, za kter\u00e9 plat\u00ed zdravotn\u00ed poji\u0161t\u011bn\u00ed st\u00e1t. Pokud v\u0161ak byla ve skute\u010dnosti p\u0159izn\u00e1na invalidita 2.stupn\u011b, nikoli v\u0161ak invalidn\u00ed d\u016fchod 2.stupn\u011b, pak je skute\u010dn\u011b nutn\u00e9 platit zdravotn\u00ed pojistn\u00e9. T\u00e9to povinnosti se v\u0161ak m\u016f\u017eete vyhnout nap\u0159\u00edklad zaregistrov\u00e1n\u00edm se na \u00fa\u0159ad\u011b pr\u00e1ce jako uchaze\u010d o zam\u011bstn\u00e1n\u00ed.<\/p>\n<p><strong>Osoby, za kter\u00e9 je pl\u00e1tcem pojistn\u00e9ho na zdravotn\u00ed poji\u0161t\u011bn\u00ed st\u00e1t,<\/strong> ur\u010duje \u00a7 7 odst. 1 z\u00e1kona \u010d. 48\/1997 Sb., ve zn\u011bn\u00ed pozd\u011bj\u0161\u00edch p\u0159edpis\u016f.<\/p>\n<p>Za n\u00ed\u017ee vyjmenovan\u00e9 osoby plat\u00ed st\u00e1t m\u011bs\u00ed\u010dn\u011b zdravotn\u00ed pojistn\u00e9 ve v\u00fd\u0161i 13,5 % z \u010d\u00e1stky rovnaj\u00edc\u00ed se\u00a0<a href=\"https:\/\/www.vzp.cz\/platci\/informace\/stat\/vymerovaci-zaklad-a-vypocet-pojistneho\">vym\u011b\u0159ovac\u00edmu z\u00e1kladu pro platbu pojistn\u00e9ho st\u00e1tem<\/a>. Jedn\u00e1 se o tyto osoby:<\/p>\n<p>A, B \u2013 Nezaopat\u0159en\u00e9 d\u011bti<\/p>\n<p>C \u2013 Po\u017eivatel\u00e9 d\u016fchod\u016f<\/p>\n<p>D \u2013 Osoby star\u0161\u00ed 26 let studuj\u00edc\u00ed prvn\u011b v\u00a0doktorsk\u00e9m studijn\u00edm programu\u00a0ve standardn\u00ed dob\u011b v\u00a0prezen\u010dn\u00ed form\u011b studia, pokud nejsou zam\u011bstnanci nebo osobami samostatn\u011b v\u00fdd\u011ble\u010dn\u011b \u010dinn\u00fdmi\u00a0<em>(nov\u00e1 kategorie od 1. 1. 2018)<\/em>.<\/p>\n<p>E \u2013 P\u0159\u00edjemci rodi\u010dovsk\u00e9ho p\u0159\u00edsp\u011bvku\u00a0podle z\u00e1kona \u010d. 117\/1995 Sb., o st\u00e1tn\u00ed soci\u00e1ln\u00ed podpo\u0159e<\/p>\n<p>E \u2013 \u017deny na mate\u0159sk\u00e9 nebo osoby na rodi\u010dovsk\u00e9 dovolen\u00e9\u00a0(podle z\u00e1kon\u00edku pr\u00e1ce)<\/p>\n<p>E \u2013 Osoby pob\u00edraj\u00edc\u00ed pen\u011b\u017eitou pomoc v mate\u0159stv\u00ed\u00a0podle p\u0159edpis\u016f o nemocensk\u00e9m poji\u0161t\u011bn\u00ed.<\/p>\n<p>G \u2013 Uchaze\u010di o zam\u011bstn\u00e1n\u00ed<\/p>\n<p>Uchaze\u010d o zam\u011bstn\u00e1n\u00ed po dobu, po kterou je v evidenci \u00fa\u0159adu pr\u00e1ce. Do t\u00e9to kategorie nepat\u0159\u00ed poji\u0161t\u011bnec, kter\u00fd nen\u00ed v evidenci \u00fa\u0159adu pr\u00e1ce, tj. ten, kter\u00fd o evidenci nepo\u017e\u00e1dal, nebo do t\u00e9to evidence nebyl p\u0159ijat, p\u0159\u00edpadn\u011b byl z t\u00e9to evidence vy\u0159azen.<\/p>\n<p>H \u2013 Osoby pob\u00edraj\u00edc\u00ed d\u00e1vku pomoci v hmotn\u00e9 nouzi a osoby s nimi spole\u010dn\u011b posuzovan\u00e9\u00a0(podle z\u00e1kona \u010d. 111\/2006 Sb., o pomoci v hmotn\u00e9 nouzi), a to za podm\u00ednky, \u017ee nejsou podle potvrzen\u00ed pl\u00e1tce d\u00e1vky pomoci v hmotn\u00e9 nouzi v pracovn\u00edm ani obdobn\u00e9m vztahu ani nevykon\u00e1vaj\u00ed samostatnou v\u00fdd\u011ble\u010dnou \u010dinnost, nejsou v evidenci uchaze\u010d\u016f o zam\u011bstn\u00e1n\u00ed a nejde o po\u017eivatele starobn\u00edho, invalidn\u00edho d\u016fchodu pro invaliditu t\u0159et\u00edho stupn\u011b, vdovsk\u00e9ho nebo vdoveck\u00e9ho d\u016fchodu, ani o po\u017eivatele rodi\u010dovsk\u00e9ho p\u0159\u00edsp\u011bvku nebo o nezaopat\u0159en\u00e9 d\u00edt\u011b<\/p>\n<p>I \u2013 Osoby, kter\u00e9 jsou z\u00e1visl\u00e9 na p\u00e9\u010di jin\u00e9 osoby ve stupni II (st\u0159edn\u011b t\u011b\u017ek\u00e1 z\u00e1vislost) nebo stupni III (t\u011b\u017ek\u00e1 z\u00e1vislost) anebo stupni IV (\u00fapln\u00e1 z\u00e1vislost)\u00a0(z\u00e1kon \u010d. 108\/2006 Sb., o soci\u00e1ln\u00edch slu\u017eb\u00e1ch)<\/p>\n<p>I \u2013 Osoby pe\u010duj\u00edc\u00ed o osoby z\u00e1visl\u00e9 na p\u00e9\u010di jin\u00e9 osoby ve stupni II, III anebo stupni IV<\/p>\n<p>I \u2013 Osoby pe\u010duj\u00edc\u00ed o osoby mlad\u0161\u00ed 10 let, kter\u00e9 jsou z\u00e1visl\u00e9 na p\u00e9\u010di jin\u00e9 osoby ve stupni I<\/p>\n<p>K \u2013 Osoby ve v\u00fdkonu zabezpe\u010dovac\u00ed detence nebo vazby, osoby ve v\u00fdkonu trestu odn\u011bt\u00ed svobody nebo osoby ve v\u00fdkonu \u00fastavn\u00edho ochrann\u00e9ho l\u00e9\u010den\u00ed<\/p>\n<p>L \u2013 Osoby celodenn\u011b, osobn\u011b a \u0159\u00e1dn\u011b pe\u010duj\u00edc\u00ed alespo\u0148 o jedno d\u00edt\u011b do 7 let v\u011bku nebo nejm\u00e9n\u011b o dv\u011b d\u011bti do 15 let v\u011bku<\/p>\n<p>M \u2013 P\u0159\u00edjemci starobn\u00ed penze na ur\u010denou dobu, do\u017eivotn\u00ed penze nebo penze na p\u0159esn\u011b stanovenou dobu s p\u0159esn\u011b stanovenou v\u00fd\u0161\u00ed d\u016fchodu\u00a0podle z\u00e1kona upravuj\u00edc\u00edho<\/p>\n<p>N \u2013 Osoby, kter\u00e9 jsou invalidn\u00ed ve t\u0159et\u00edm stupni nebo kter\u00e9 dos\u00e1hly v\u011bku pot\u0159ebn\u00e9ho pro n\u00e1rok na starobn\u00ed d\u016fchod, av\u0161ak nespl\u0148uj\u00ed dal\u0161\u00ed podm\u00ednky pro p\u0159izn\u00e1n\u00ed invalidn\u00edho d\u016fchodu pro invaliditu t\u0159et\u00edho stupn\u011b nebo starobn\u00edho d\u016fchodu\u00a0(nemaj\u00ed odpracov\u00e1ny p\u0159edepsan\u00e9 roky)<\/p>\n<p>O \u2013 Osoby s trval\u00fdm pobytem na \u00fazem\u00ed \u010cR, p\u0159\u00edjemci d\u00e1vek nemocensk\u00e9ho poji\u0161t\u011bn\u00ed, za kter\u00e9 nen\u00ed pl\u00e1tcem pojistn\u00e9ho zam\u011bstnavatel ani\u00a0(z jin\u00e9ho d\u016fvodu)st\u00e1t, kter\u00e9 neplat\u00ed pojistn\u00e9 ani jako osoby samostatn\u011b v\u00fdd\u011ble\u010dn\u011b \u010dinn\u00e9<\/p>\n<p>T \u2013 Osoby vykon\u00e1vaj\u00edc\u00ed dlouhodobou dobrovolnickou slu\u017ebu<\/p>\n<p>U \u2013 Mladistv\u00ed, um\u00edst\u011bn\u00ed ve \u0161kolsk\u00fdch za\u0159\u00edzen\u00edch pro v\u00fdkon \u00fastavn\u00ed v\u00fdchovy a ochrann\u00e9 v\u00fdchovy<\/p>\n<p>V \u2013 Cizinec, kter\u00e9mu bylo ud\u011bleno opr\u00e1vn\u011bn\u00ed k pobytu na \u00fazem\u00ed \u010cR za \u00fa\u010delem poskytnut\u00ed do\u010dasn\u00e9 ochrany\u00a0podle zvl\u00e1\u0161tn\u00edho pr\u00e1vn\u00edho p\u0159edpisu, pokud nem\u00e1 p\u0159\u00edjmy ze<\/p>\n<p>V \u2013 \u017dadatel o ud\u011blen\u00ed mezin\u00e1rodn\u00ed ochrany a jeho d\u00edt\u011b narozen\u00e9 na \u00fazem\u00ed,pokud nemaj\u00ed p\u0159\u00edjmy ze zam\u011bstn\u00e1n\u00ed nebo ze samostatn\u00e9 v\u00fdd\u011ble\u010dn\u00e9 \u010dinnosti<\/p>\n<p>V \u2013 Cizinec, jemu\u017e bylo ud\u011bleno v\u00edzum k pobytu nad 90 dn\u016f za \u00fa\u010delem strp\u011bn\u00ed pobytu, a jeho d\u00edt\u011b narozen\u00e9 na \u00fazem\u00ed, pokud nemaj\u00ed p\u0159\u00edjmy ze zam\u011bstn\u00e1n\u00ed nebo ze samostatn\u00e9 v\u00fdd\u011ble\u010dn\u00e9 \u010dinnosti<\/p>\n<p>W &#8211; man\u017eel\u00e9 nebo registrovan\u00ed partne\u0159i st\u00e1tn\u00edch zam\u011bstnanc\u016f podle z\u00e1kona o st\u00e1tn\u00ed slu\u017eb\u011b\u00a0nebo jin\u00fdch zam\u011bstnanc\u016f v organiza\u010dn\u00edch slo\u017ek\u00e1ch st\u00e1tu, pokud je n\u00e1sleduj\u00ed do m\u00edsta jejich vysl\u00e1n\u00ed k v\u00fdkonu pr\u00e1ce v zahrani\u010d\u00ed nebo k v\u00fdkonu slu\u017eby v zahrani\u010d\u00ed se souhlasem t\u00e9to organiza\u010dn\u00ed slo\u017eky st\u00e1tu, a nemaj\u00ed p\u0159\u00edjem ze z\u00e1visl\u00e9 \u010dinnosti nebo nejsou osobami samostatn\u011b v\u00fdd\u011ble\u010dn\u011b \u010dinn\u00fdmi podle \u00a7 5 nebo nejsou osobami vykon\u00e1vaj\u00edc\u00edmi obdobn\u00e9 \u010dinnosti podle pr\u00e1va ciz\u00edho st\u00e1tu, do kter\u00e9ho byli jejich man\u017eel\u00e9 nebo registrovan\u00ed partne\u0159i vysl\u00e1ni k v\u00fdkonu pr\u00e1ce v zahrani\u010d\u00ed nebo k v\u00fdkonu zahrani\u010dn\u00ed slu\u017eby.<\/p>\n<p>Maj\u00ed-li osoby uveden\u00e9 pod p\u00edsmeny A a\u017e K a pod p\u00edsmenem M p\u0159\u00edjmy ze zam\u011bstn\u00e1n\u00ed nebo ze samostatn\u00e9 v\u00fdd\u011ble\u010dn\u00e9 \u010dinnosti, je pl\u00e1tcem pojistn\u00e9ho st\u00e1t i za tyto osoby.<\/p>\n<p>redakce invArena<\/p>\n<p>&nbsp;<\/p>\n","protected":false},"excerpt":{"rendered":"<div class=\"mh-excerpt\"><p>DOTAZ: Man\u017eelce byl p\u0159izn\u00e1n invalidn\u00ed d\u016fchod 2.stupn\u011b, ale proto\u017ee d\u00edky sv\u00e9mu st\u00e1le se zhor\u0161uj\u00edc\u00edmu zdravotn\u00edmu stavu dlouhodob\u011b nepracovala, nedostala ani korunu d\u016fchodu. Je automaticky vy\u0159azena <a class=\"mh-excerpt-more\" href=\"https:\/\/www.invarena.cz\/?p=31858\" title=\"Nem\u00e1 ani korunu p\u0159\u00edjmu. Z \u010deho m\u00e1 tedy platit zdravotn\u00ed pojistn\u00e9?\">[&#8230;]<\/a><\/p>\n<\/div>","protected":false},"author":1,"featured_media":14576,"comment_status":"open","ping_status":"closed","sticky":false,"template":"","format":"standard","meta":{"footnotes":""},"categories":[18],"tags":[],"class_list":["post-31858","post","type-post","status-publish","format-standard","has-post-thumbnail","hentry","category-poradna"],"_links":{"self":[{"href":"https:\/\/www.invarena.cz\/index.php?rest_route=\/wp\/v2\/posts\/31858","targetHints":{"allow":["GET"]}}],"collection":[{"href":"https:\/\/www.invarena.cz\/index.php?rest_route=\/wp\/v2\/posts"}],"about":[{"href":"https:\/\/www.invarena.cz\/index.php?rest_route=\/wp\/v2\/types\/post"}],"author":[{"embeddable":true,"href":"https:\/\/www.invarena.cz\/index.php?rest_route=\/wp\/v2\/users\/1"}],"replies":[{"embeddable":true,"href":"https:\/\/www.invarena.cz\/index.php?rest_route=%2Fwp%2Fv2%2Fcomments&post=31858"}],"version-history":[{"count":0,"href":"https:\/\/www.invarena.cz\/index.php?rest_route=\/wp\/v2\/posts\/31858\/revisions"}],"wp:featuredmedia":[{"embeddable":true,"href":"https:\/\/www.invarena.cz\/index.php?rest_route=\/wp\/v2\/media\/14576"}],"wp:attachment":[{"href":"https:\/\/www.invarena.cz\/index.php?rest_route=%2Fwp%2Fv2%2Fmedia&parent=31858"}],"wp:term":[{"taxonomy":"category","embeddable":true,"href":"https:\/\/www.invarena.cz\/index.php?rest_route=%2Fwp%2Fv2%2Fcategories&post=31858"},{"taxonomy":"post_tag","embeddable":true,"href":"https:\/\/www.invarena.cz\/index.php?rest_route=%2Fwp%2Fv2%2Ftags&post=31858"}],"curies":[{"name":"wp","href":"https:\/\/api.w.org\/{rel}","templated":true}]}}